{"id":916,"date":"2024-12-28T14:56:41","date_gmt":"2024-12-28T17:56:41","guid":{"rendered":"https:\/\/pesquisa.ifg.edu.br\/panecastica\/?p=916"},"modified":"2024-12-28T14:56:41","modified_gmt":"2024-12-28T17:56:41","slug":"congresso-brasileiro-de-alfabetizacao-conbalf-abalf","status":"publish","type":"post","link":"https:\/\/pesquisa.ifg.edu.br\/panecastica\/congresso-brasileiro-de-alfabetizacao-conbalf-abalf\/","title":{"rendered":"Congresso Brasileiro de Alfabetiza\u00e7\u00e3o (Conbalf &#8211; Abalf)"},"content":{"rendered":"\n<figure class=\"wp-block-image size-full\"><img fetchpriority=\"high\" decoding=\"async\" width=\"406\" height=\"223\" src=\"http:\/\/pesquisa.ifg.edu.br\/panecastica\/wp-content\/uploads\/sites\/8\/2024\/12\/CONBALF.avif\" alt=\"\" class=\"wp-image-917\" srcset=\"https:\/\/pesquisa.ifg.edu.br\/panecastica\/wp-content\/uploads\/sites\/8\/2024\/12\/CONBALF.avif 406w, https:\/\/pesquisa.ifg.edu.br\/panecastica\/wp-content\/uploads\/sites\/8\/2024\/12\/CONBALF-300x165.avif 300w\" sizes=\"(max-width: 406px) 100vw, 406px\" \/><\/figure>\n\n\n\n<figure class=\"wp-block-image\"><img decoding=\"async\" width=\"980\" height=\"324\" src=\"https:\/\/pesquisa.ifg.edu.br\/panecastica\/wp-content\/uploads\/sites\/8\/2024\/12\/image.jpeg\" alt=\"\" class=\"wp-image-918\" srcset=\"https:\/\/pesquisa.ifg.edu.br\/panecastica\/wp-content\/uploads\/sites\/8\/2024\/12\/image.jpeg 980w, https:\/\/pesquisa.ifg.edu.br\/panecastica\/wp-content\/uploads\/sites\/8\/2024\/12\/image-300x99.jpeg 300w, https:\/\/pesquisa.ifg.edu.br\/panecastica\/wp-content\/uploads\/sites\/8\/2024\/12\/image-768x254.jpeg 768w\" sizes=\"(max-width: 980px) 100vw, 980px\" \/><\/figure>\n\n\n\n<p>\u200b\u200b\u200b<\/p>\n\n\n\n<p>\u200bEm 2025, a&nbsp;Associa\u00e7\u00e3o Brasileira de Alfabetiza\u00e7\u00e3o&nbsp;celebrar\u00e1, em parceria com a&nbsp;Universidade Federal de S\u00e3o Paulo, na capital paulista, o&nbsp;VII Congresso Brasileiro de Alfabetiza\u00e7\u00e3o.<\/p>\n\n\n\n<p>PANEC\u00c1STICA PRESENTE!<\/p>\n","protected":false},"excerpt":{"rendered":"<p>\u200b\u200b\u200b \u200bEm 2025, a&nbsp;Associa\u00e7\u00e3o Brasileira de Alfabetiza\u00e7\u00e3o&nbsp;celebrar\u00e1, em parceria com a&nbsp;Universidade Federal de S\u00e3o Paulo, na capital paulista, o&nbsp;VII Congresso Brasileiro de Alfabetiza\u00e7\u00e3o. PANEC\u00c1STICA PRESENTE!<\/p>\n","protected":false},"author":23,"featured_media":0,"comment_status":"open","ping_status":"open","sticky":false,"template":"","format":"standard","meta":{"_monsterinsights_skip_tracking":false,"_monsterinsights_sitenote_active":false,"_monsterinsights_sitenote_note":"","_monsterinsights_sitenote_category":0,"footnotes":""},"categories":[1],"tags":[],"class_list":["post-916","post","type-post","status-publish","format-standard","hentry","category-sem-categoria"],"_links":{"self":[{"href":"https:\/\/pesquisa.ifg.edu.br\/panecastica\/wp-json\/wp\/v2\/posts\/916"}],"collection":[{"href":"https:\/\/pesquisa.ifg.edu.br\/panecastica\/wp-json\/wp\/v2\/posts"}],"about":[{"href":"https:\/\/pesquisa.ifg.edu.br\/panecastica\/wp-json\/wp\/v2\/types\/post"}],"author":[{"embeddable":true,"href":"https:\/\/pesquisa.ifg.edu.br\/panecastica\/wp-json\/wp\/v2\/users\/23"}],"replies":[{"embeddable":true,"href":"https:\/\/pesquisa.ifg.edu.br\/panecastica\/wp-json\/wp\/v2\/comments?post=916"}],"version-history":[{"count":1,"href":"https:\/\/pesquisa.ifg.edu.br\/panecastica\/wp-json\/wp\/v2\/posts\/916\/revisions"}],"predecessor-version":[{"id":919,"href":"https:\/\/pesquisa.ifg.edu.br\/panecastica\/wp-json\/wp\/v2\/posts\/916\/revisions\/919"}],"wp:attachment":[{"href":"https:\/\/pesquisa.ifg.edu.br\/panecastica\/wp-json\/wp\/v2\/media?parent=916"}],"wp:term":[{"taxonomy":"category","embeddable":true,"href":"https:\/\/pesquisa.ifg.edu.br\/panecastica\/wp-json\/wp\/v2\/categories?post=916"},{"taxonomy":"post_tag","embeddable":true,"href":"https:\/\/pesquisa.ifg.edu.br\/panecastica\/wp-json\/wp\/v2\/tags?post=916"}],"curies":[{"name":"wp","href":"https:\/\/api.w.org\/{rel}","templated":true}]}}