{"id":903,"date":"2024-12-28T14:33:44","date_gmt":"2024-12-28T17:33:44","guid":{"rendered":"https:\/\/pesquisa.ifg.edu.br\/panecastica\/?p=903"},"modified":"2024-12-28T14:33:44","modified_gmt":"2024-12-28T17:33:44","slug":"forum-goiano-de-alfabetizacao","status":"publish","type":"post","link":"https:\/\/pesquisa.ifg.edu.br\/panecastica\/forum-goiano-de-alfabetizacao\/","title":{"rendered":"F\u00f3rum Goiano de Alfabetiza\u00e7\u00e3o"},"content":{"rendered":"\n<figure class=\"wp-block-image size-large\"><img fetchpriority=\"high\" decoding=\"async\" width=\"1024\" height=\"1024\" src=\"http:\/\/pesquisa.ifg.edu.br\/panecastica\/wp-content\/uploads\/sites\/8\/2024\/12\/FORUM-2-1024x1024.png\" alt=\"\" class=\"wp-image-908\" srcset=\"https:\/\/pesquisa.ifg.edu.br\/panecastica\/wp-content\/uploads\/sites\/8\/2024\/12\/FORUM-2-1024x1024.png 1024w, https:\/\/pesquisa.ifg.edu.br\/panecastica\/wp-content\/uploads\/sites\/8\/2024\/12\/FORUM-2-300x300.png 300w, https:\/\/pesquisa.ifg.edu.br\/panecastica\/wp-content\/uploads\/sites\/8\/2024\/12\/FORUM-2-150x150.png 150w, https:\/\/pesquisa.ifg.edu.br\/panecastica\/wp-content\/uploads\/sites\/8\/2024\/12\/FORUM-2-768x768.png 768w, https:\/\/pesquisa.ifg.edu.br\/panecastica\/wp-content\/uploads\/sites\/8\/2024\/12\/FORUM-2-50x50.png 50w, https:\/\/pesquisa.ifg.edu.br\/panecastica\/wp-content\/uploads\/sites\/8\/2024\/12\/FORUM-2-80x80.png 80w, https:\/\/pesquisa.ifg.edu.br\/panecastica\/wp-content\/uploads\/sites\/8\/2024\/12\/FORUM-2.png 1080w\" sizes=\"(max-width: 1024px) 100vw, 1024px\" \/><\/figure>\n\n\n\n<p>No dia 16 de outubro de 2024 ocorreu a primeira reuni\u00e3o do F\u00f3rum Goiano de Alfabetiza\u00e7\u00e3o, projeto de extens\u00e3o cadastrado no IFG c\u00e2mpus Goi\u00e2nia Oeste, como desdobramento do projeto de extens\u00e3o &#8220;Tcham Tcham: estou lendo!&#8221;.<\/p>\n\n\n\n<p>Para maiores informa\u00e7\u00f5es: @tchamtchamestoulendo<\/p>\n","protected":false},"excerpt":{"rendered":"<p>No dia 16 de outubro de 2024 ocorreu a primeira reuni\u00e3o do F\u00f3rum Goiano de Alfabetiza\u00e7\u00e3o, projeto de extens\u00e3o cadastrado no IFG c\u00e2mpus Goi\u00e2nia Oeste, como desdobramento do projeto de extens\u00e3o &#8220;Tcham Tcham: estou lendo!&#8221;. Para maiores informa\u00e7\u00f5es: @tchamtchamestoulendo<\/p>\n","protected":false},"author":23,"featured_media":0,"comment_status":"open","ping_status":"open","sticky":false,"template":"","format":"standard","meta":{"_monsterinsights_skip_tracking":false,"_monsterinsights_sitenote_active":false,"_monsterinsights_sitenote_note":"","_monsterinsights_sitenote_category":0,"footnotes":""},"categories":[1],"tags":[],"class_list":["post-903","post","type-post","status-publish","format-standard","hentry","category-sem-categoria"],"_links":{"self":[{"href":"https:\/\/pesquisa.ifg.edu.br\/panecastica\/wp-json\/wp\/v2\/posts\/903"}],"collection":[{"href":"https:\/\/pesquisa.ifg.edu.br\/panecastica\/wp-json\/wp\/v2\/posts"}],"about":[{"href":"https:\/\/pesquisa.ifg.edu.br\/panecastica\/wp-json\/wp\/v2\/types\/post"}],"author":[{"embeddable":true,"href":"https:\/\/pesquisa.ifg.edu.br\/panecastica\/wp-json\/wp\/v2\/users\/23"}],"replies":[{"embeddable":true,"href":"https:\/\/pesquisa.ifg.edu.br\/panecastica\/wp-json\/wp\/v2\/comments?post=903"}],"version-history":[{"count":3,"href":"https:\/\/pesquisa.ifg.edu.br\/panecastica\/wp-json\/wp\/v2\/posts\/903\/revisions"}],"predecessor-version":[{"id":909,"href":"https:\/\/pesquisa.ifg.edu.br\/panecastica\/wp-json\/wp\/v2\/posts\/903\/revisions\/909"}],"wp:attachment":[{"href":"https:\/\/pesquisa.ifg.edu.br\/panecastica\/wp-json\/wp\/v2\/media?parent=903"}],"wp:term":[{"taxonomy":"category","embeddable":true,"href":"https:\/\/pesquisa.ifg.edu.br\/panecastica\/wp-json\/wp\/v2\/categories?post=903"},{"taxonomy":"post_tag","embeddable":true,"href":"https:\/\/pesquisa.ifg.edu.br\/panecastica\/wp-json\/wp\/v2\/tags?post=903"}],"curies":[{"name":"wp","href":"https:\/\/api.w.org\/{rel}","templated":true}]}}