{"id":887,"date":"2024-02-03T07:19:52","date_gmt":"2024-02-03T10:19:52","guid":{"rendered":"http:\/\/pesquisa.ifg.edu.br\/panecastica\/?p=887"},"modified":"2024-02-03T07:19:52","modified_gmt":"2024-02-03T10:19:52","slug":"coletanea-vii-2023","status":"publish","type":"post","link":"https:\/\/pesquisa.ifg.edu.br\/panecastica\/coletanea-vii-2023\/","title":{"rendered":"COLET\u00c2NEA VII (2023)"},"content":{"rendered":"<div class=\"x9f619 xjbqb8w x78zum5 x168nmei x13lgxp2 x5pf9jr xo71vjh x1uhb9sk x1plvlek xryxfnj x1c4vz4f x2lah0s xdt5ytf xqjyukv x1qjc9v5 x1oa3qoh x1nhvcw1\">\n<div class=\"x9f619 xjbqb8w x78zum5 x168nmei x13lgxp2 x5pf9jr xo71vjh x1uhb9sk x1plvlek xryxfnj x1c4vz4f x2lah0s xdt5ytf xqjyukv x1qjc9v5 x1oa3qoh x1nhvcw1\">\n<div class=\"x9f619 xjbqb8w x78zum5 x168nmei x13lgxp2 x5pf9jr xo71vjh x1uhb9sk x1plvlek xryxfnj x1c4vz4f x2lah0s xdt5ytf xqjyukv x1qjc9v5 x1oa3qoh x1nhvcw1\">\n<div class=\"x9f619 xjbqb8w x78zum5 x168nmei x13lgxp2 x5pf9jr xo71vjh x1yztbdb x1uhb9sk x1plvlek xryxfnj x1c4vz4f x2lah0s xdt5ytf xqjyukv x1qjc9v5 x1oa3qoh x1nhvcw1\">\n<div class=\"x1qjc9v5 x972fbf xcfux6l x1qhh985 xm0m39n x9f619 x78zum5 xdt5ytf x2lah0s xk390pu xdj266r x11i5rnm xat24cr x1mh8g0r xexx8yu x4uap5 x18d9i69 xkhd6sd x1n2onr6 xggy1nq x11njtxf\">\n<p>&nbsp;<\/p>\n<div class=\"_a9zm\"><\/div>\n<p style=\"text-align: justify\"><img fetchpriority=\"high\" decoding=\"async\" class=\"alignnone size-full wp-image-888\" src=\"http:\/\/pesquisa.ifg.edu.br\/panecastica\/wp-content\/uploads\/sites\/8\/2024\/02\/Post-Impresso-Ebook-1.jpg\" alt=\"Post Impresso + Ebook (1)\" width=\"1080\" height=\"1080\" \/>Esta \u00e9 a VII colet\u00e2nea organizada pelo grupo de pesquisa Panec\u00e1stica, apresentando cap\u00edtulos elaborados pelos professores pesquisadores, a maioria dos quais s\u00e3o parceiros do grupo. O tema deste ano, &#8220;Diversidade e Inclus\u00e3o Escolar&#8221;, nos conduz \u00e0 reflex\u00e3o sobre os estudantes marginalizados no processo de inclus\u00e3o escolar. Os cap\u00edtulos aqui apresentados abordam a insufici\u00eancia das pol\u00edticas p\u00fablicas para lidar com o cen\u00e1rio nacional, enquanto destacam que o tempo hist\u00f3rico para essas discuss\u00f5es ainda \u00e9 relativamente recente. Para ler na \u00edntegra:\u00a0https:\/\/docs.google.com\/document\/d\/1-SvMNBR5fa57zXv1g8fQT_yNOZsseebGVrYXTNroBMU\/edit?pli=1<\/p>\n<\/div>\n<\/div>\n<\/div>\n<\/div>\n<\/div>\n","protected":false},"excerpt":{"rendered":"<p>&nbsp; Esta \u00e9 a VII colet\u00e2nea organizada pelo grupo de pesquisa Panec\u00e1stica, apresentando cap\u00edtulos elaborados pelos professores pesquisadores, a maioria dos quais s\u00e3o parceiros do grupo. O tema deste ano, &#8220;Diversidade e Inclus\u00e3o Escolar&#8221;, nos conduz \u00e0 reflex\u00e3o sobre os estudantes marginalizados no processo de inclus\u00e3o escolar. Os cap\u00edtulos aqui apresentados abordam a insufici\u00eancia das [&hellip;]<\/p>\n","protected":false},"author":30,"featured_media":0,"comment_status":"open","ping_status":"open","sticky":false,"template":"","format":"standard","meta":{"_monsterinsights_skip_tracking":false,"_monsterinsights_sitenote_active":false,"_monsterinsights_sitenote_note":"","_monsterinsights_sitenote_category":0,"footnotes":""},"categories":[1],"tags":[],"class_list":["post-887","post","type-post","status-publish","format-standard","hentry","category-sem-categoria"],"_links":{"self":[{"href":"https:\/\/pesquisa.ifg.edu.br\/panecastica\/wp-json\/wp\/v2\/posts\/887"}],"collection":[{"href":"https:\/\/pesquisa.ifg.edu.br\/panecastica\/wp-json\/wp\/v2\/posts"}],"about":[{"href":"https:\/\/pesquisa.ifg.edu.br\/panecastica\/wp-json\/wp\/v2\/types\/post"}],"author":[{"embeddable":true,"href":"https:\/\/pesquisa.ifg.edu.br\/panecastica\/wp-json\/wp\/v2\/users\/30"}],"replies":[{"embeddable":true,"href":"https:\/\/pesquisa.ifg.edu.br\/panecastica\/wp-json\/wp\/v2\/comments?post=887"}],"version-history":[{"count":1,"href":"https:\/\/pesquisa.ifg.edu.br\/panecastica\/wp-json\/wp\/v2\/posts\/887\/revisions"}],"predecessor-version":[{"id":889,"href":"https:\/\/pesquisa.ifg.edu.br\/panecastica\/wp-json\/wp\/v2\/posts\/887\/revisions\/889"}],"wp:attachment":[{"href":"https:\/\/pesquisa.ifg.edu.br\/panecastica\/wp-json\/wp\/v2\/media?parent=887"}],"wp:term":[{"taxonomy":"category","embeddable":true,"href":"https:\/\/pesquisa.ifg.edu.br\/panecastica\/wp-json\/wp\/v2\/categories?post=887"},{"taxonomy":"post_tag","embeddable":true,"href":"https:\/\/pesquisa.ifg.edu.br\/panecastica\/wp-json\/wp\/v2\/tags?post=887"}],"curies":[{"name":"wp","href":"https:\/\/api.w.org\/{rel}","templated":true}]}}