{"id":739,"date":"2021-06-10T09:55:22","date_gmt":"2021-06-10T12:55:22","guid":{"rendered":"http:\/\/pesquisa.ifg.edu.br\/panecastica\/?p=739"},"modified":"2021-06-10T10:00:35","modified_gmt":"2021-06-10T13:00:35","slug":"projeto-tcham-tcham-estou-lendo-na-semana-da-pedagogia-ifg-goiania-oeste","status":"publish","type":"post","link":"https:\/\/pesquisa.ifg.edu.br\/panecastica\/projeto-tcham-tcham-estou-lendo-na-semana-da-pedagogia-ifg-goiania-oeste\/","title":{"rendered":"Projeto &#8220;Tcham Tcham: estou lendo!&#8221; na semana da Pedagogia do IFG Goi\u00e2nia Oeste"},"content":{"rendered":"<p><img fetchpriority=\"high\" decoding=\"async\" class=\"alignnone size-full wp-image-743\" src=\"http:\/\/pesquisa.ifg.edu.br\/panecastica\/wp-content\/uploads\/sites\/8\/2021\/06\/blogg.jpg\" alt=\"blogg\" width=\"1280\" height=\"720\" \/><\/p>\n<p>&nbsp;<\/p>\n<p>\u2747\ufe0fAs extensionistas do projeto &#8220;Tcham Tcham: estou lendo!&#8221; est\u00e3o participando de variadas oficinas, minicursos, comunica\u00e7\u00f5es orais na V Semana de Licenciatura em Pedagogia do IFG &#8211; C\u00e2mpus Goi\u00e2nia Oeste! Vamos l\u00e1?<\/p>\n<p>\u2714\ufe0fN\u00e3o deixe de conferir a programa\u00e7\u00e3o completa de todo o evento na p\u00e1gina:<\/p>\n<p><a href=\"http:\/\/eventos.ifg.edu.br\/semanapedagogiaoes\/\">http:\/\/eventos.ifg.edu.br\/semanapedagogiaoes\/<\/a><\/p>\n<p>\u2714\ufe0fConfira as a\u00e7\u00f5es do &#8220;Tcham Tcham: estou lendo!&#8221; em nosso blog:<\/p>\n<p>https:\/\/projetotchamtchamestoulendo.blogspot.com\/<\/p>\n<p><a class=\" xil3i\" href=\"https:\/\/www.instagram.com\/explore\/tags\/tchamtcham\/\">#TchamTcham<\/a>:estou lendo!\u00a0<a class=\" xil3i\" href=\"https:\/\/www.instagram.com\/explore\/tags\/extens%C3%A3oifg\/\">#extens\u00e3oIFG<\/a>\u00a0<a class=\" xil3i\" href=\"https:\/\/www.instagram.com\/explore\/tags\/pedagogiaifggoi%C3%A2niaoeste\/\">#PedagogiaIFGGoi\u00e2niaOeste<\/a>\u00a0#\u00a0<a class=\" xil3i\" href=\"https:\/\/www.instagram.com\/explore\/tags\/semanadepedagogia\/\">#SemanadePedagogia<\/a><br \/>\n<a class=\" xil3i\" href=\"https:\/\/www.instagram.com\/explore\/tags\/paulofreiremaisdoquenunca\/\">#PauloFreiremaisdoquenunca<\/a><\/p>\n<p>&nbsp;<\/p>\n<p>&nbsp;<\/p>\n","protected":false},"excerpt":{"rendered":"<p>&nbsp; \u2747\ufe0fAs extensionistas do projeto &#8220;Tcham Tcham: estou lendo!&#8221; est\u00e3o participando de variadas oficinas, minicursos, comunica\u00e7\u00f5es orais na V Semana de Licenciatura em Pedagogia do IFG &#8211; C\u00e2mpus Goi\u00e2nia Oeste! Vamos l\u00e1? \u2714\ufe0fN\u00e3o deixe de conferir a programa\u00e7\u00e3o completa de todo o evento na p\u00e1gina: http:\/\/eventos.ifg.edu.br\/semanapedagogiaoes\/ \u2714\ufe0fConfira as a\u00e7\u00f5es do &#8220;Tcham Tcham: estou lendo!&#8221; em [&hellip;]<\/p>\n","protected":false},"author":30,"featured_media":0,"comment_status":"open","ping_status":"open","sticky":false,"template":"","format":"standard","meta":{"_monsterinsights_skip_tracking":false,"_monsterinsights_sitenote_active":false,"_monsterinsights_sitenote_note":"","_monsterinsights_sitenote_category":0,"footnotes":""},"categories":[1],"tags":[],"class_list":["post-739","post","type-post","status-publish","format-standard","hentry","category-sem-categoria"],"_links":{"self":[{"href":"https:\/\/pesquisa.ifg.edu.br\/panecastica\/wp-json\/wp\/v2\/posts\/739"}],"collection":[{"href":"https:\/\/pesquisa.ifg.edu.br\/panecastica\/wp-json\/wp\/v2\/posts"}],"about":[{"href":"https:\/\/pesquisa.ifg.edu.br\/panecastica\/wp-json\/wp\/v2\/types\/post"}],"author":[{"embeddable":true,"href":"https:\/\/pesquisa.ifg.edu.br\/panecastica\/wp-json\/wp\/v2\/users\/30"}],"replies":[{"embeddable":true,"href":"https:\/\/pesquisa.ifg.edu.br\/panecastica\/wp-json\/wp\/v2\/comments?post=739"}],"version-history":[{"count":3,"href":"https:\/\/pesquisa.ifg.edu.br\/panecastica\/wp-json\/wp\/v2\/posts\/739\/revisions"}],"predecessor-version":[{"id":744,"href":"https:\/\/pesquisa.ifg.edu.br\/panecastica\/wp-json\/wp\/v2\/posts\/739\/revisions\/744"}],"wp:attachment":[{"href":"https:\/\/pesquisa.ifg.edu.br\/panecastica\/wp-json\/wp\/v2\/media?parent=739"}],"wp:term":[{"taxonomy":"category","embeddable":true,"href":"https:\/\/pesquisa.ifg.edu.br\/panecastica\/wp-json\/wp\/v2\/categories?post=739"},{"taxonomy":"post_tag","embeddable":true,"href":"https:\/\/pesquisa.ifg.edu.br\/panecastica\/wp-json\/wp\/v2\/tags?post=739"}],"curies":[{"name":"wp","href":"https:\/\/api.w.org\/{rel}","templated":true}]}}