{"id":652,"date":"2019-12-04T09:34:40","date_gmt":"2019-12-04T12:34:40","guid":{"rendered":"http:\/\/pesquisa.ifg.edu.br\/panecastica\/?p=652"},"modified":"2021-03-04T09:42:42","modified_gmt":"2021-03-04T12:42:42","slug":"fontes-sobre-jacotot","status":"publish","type":"post","link":"https:\/\/pesquisa.ifg.edu.br\/panecastica\/fontes-sobre-jacotot\/","title":{"rendered":"Fontes sobre Jacotot"},"content":{"rendered":"<p><img fetchpriority=\"high\" decoding=\"async\" class=\"alignnone size-full wp-image-654\" src=\"http:\/\/pesquisa.ifg.edu.br\/panecastica\/wp-content\/uploads\/sites\/8\/2021\/03\/Apresenta\u00e7\u00e3o1.jpg\" alt=\"Apresenta\u00e7\u00e3o1\" width=\"1280\" height=\"720\" \/><\/p>\n<p>A import\u00e2ncia do trabalho com arquivo hist\u00f3rico \u00e9 descrita por Arlette Farge (2009) j\u00e1 que &#8220;ao mesmo tempo em que conservam documentos, revestem-se de uma aura simb\u00f3lica, gerando um v\u00ednculo afetivo entre presente e passado&#8221;. E falando um pouquinho sobre a import\u00e2ncia deste of\u00edcio, voc\u00ea sabia que o conceito da Panec\u00e1stica de Jacotot j\u00e1 estava definido no per\u00edodico A Sci\u00eancia, que circulou no imp\u00e9rio brasileiro, em 1848? Isso mesmo! Esta fonte hist\u00f3rica anunciou h\u00e1 mais de 170 anos a proposta de Jacotot; algo que adentraria no Brasil com Jacques Ranci\u00e8re (O mestre ignorante), em 2007, e com Claude Raisky (Joseph Jacotot: le p\u00e9dagogue paradoxal), em 2012. E tem mais: este peri\u00f3dico encontra digitalizado e dispon\u00edvel para consulta:<a href=\"https:\/\/teses.usp.br\/teses\/disponiveis\/48\/48134\/tde-19112019-163229\/pt-br.php\"> &lt;http:\/\/memoria.bn.br\/DocReader\/docreader.aspx?bib=730076&amp;pesq&gt;<\/a><\/p>\n<p>Quer saber mais sobre as apropria\u00e7\u00f5es de Jacotot no Brasil?<\/p>\n<p><a href=\"https:\/\/teses.usp.br\/teses\/disponiveis\/48\/48134\/tde-19112019-163229\/pt-br.php\">https:\/\/teses.usp.br\/teses\/disponiveis\/48\/48134\/tde-19112019-163229\/pt-br.php<\/a><\/p>\n<p>#hist\u00f3riaefilosofiadaeduca\u00e7\u00e3o #Jacotot #fonteshist\u00f3ricas #EnsinoUniversal #Panec\u00e1stica #Tudoest\u00e1emtudo #emancipa\u00e7\u00e3ointelectual<br \/>\n&lt;http:\/\/memoria.bn.br\/DocReader\/docreader.aspx?bib=730076&amp;pesq&gt;<\/p>\n","protected":false},"excerpt":{"rendered":"<p>A import\u00e2ncia do trabalho com arquivo hist\u00f3rico \u00e9 descrita por Arlette Farge (2009) j\u00e1 que &#8220;ao mesmo tempo em que conservam documentos, revestem-se de uma aura simb\u00f3lica, gerando um v\u00ednculo afetivo entre presente e passado&#8221;. E falando um pouquinho sobre a import\u00e2ncia deste of\u00edcio, voc\u00ea sabia que o conceito da Panec\u00e1stica de Jacotot j\u00e1 estava [&hellip;]<\/p>\n","protected":false},"author":30,"featured_media":0,"comment_status":"open","ping_status":"open","sticky":false,"template":"","format":"standard","meta":{"_monsterinsights_skip_tracking":false,"_monsterinsights_sitenote_active":false,"_monsterinsights_sitenote_note":"","_monsterinsights_sitenote_category":0,"footnotes":""},"categories":[1],"tags":[],"class_list":["post-652","post","type-post","status-publish","format-standard","hentry","category-sem-categoria"],"_links":{"self":[{"href":"https:\/\/pesquisa.ifg.edu.br\/panecastica\/wp-json\/wp\/v2\/posts\/652"}],"collection":[{"href":"https:\/\/pesquisa.ifg.edu.br\/panecastica\/wp-json\/wp\/v2\/posts"}],"about":[{"href":"https:\/\/pesquisa.ifg.edu.br\/panecastica\/wp-json\/wp\/v2\/types\/post"}],"author":[{"embeddable":true,"href":"https:\/\/pesquisa.ifg.edu.br\/panecastica\/wp-json\/wp\/v2\/users\/30"}],"replies":[{"embeddable":true,"href":"https:\/\/pesquisa.ifg.edu.br\/panecastica\/wp-json\/wp\/v2\/comments?post=652"}],"version-history":[{"count":2,"href":"https:\/\/pesquisa.ifg.edu.br\/panecastica\/wp-json\/wp\/v2\/posts\/652\/revisions"}],"predecessor-version":[{"id":655,"href":"https:\/\/pesquisa.ifg.edu.br\/panecastica\/wp-json\/wp\/v2\/posts\/652\/revisions\/655"}],"wp:attachment":[{"href":"https:\/\/pesquisa.ifg.edu.br\/panecastica\/wp-json\/wp\/v2\/media?parent=652"}],"wp:term":[{"taxonomy":"category","embeddable":true,"href":"https:\/\/pesquisa.ifg.edu.br\/panecastica\/wp-json\/wp\/v2\/categories?post=652"},{"taxonomy":"post_tag","embeddable":true,"href":"https:\/\/pesquisa.ifg.edu.br\/panecastica\/wp-json\/wp\/v2\/tags?post=652"}],"curies":[{"name":"wp","href":"https:\/\/api.w.org\/{rel}","templated":true}]}}