{"id":396,"date":"2017-12-20T14:02:46","date_gmt":"2017-12-20T16:02:46","guid":{"rendered":"http:\/\/pesquisa.ifg.edu.br\/panecastica\/?p=396"},"modified":"2020-11-18T14:36:51","modified_gmt":"2020-11-18T17:36:51","slug":"lancamento-coletanea-panecastica","status":"publish","type":"post","link":"https:\/\/pesquisa.ifg.edu.br\/panecastica\/lancamento-coletanea-panecastica\/","title":{"rendered":"Lan\u00e7amento Colet\u00e2nea Panec\u00e1stica"},"content":{"rendered":"<p>Foi realizado em 18 de dezembro de 2017 o lan\u00e7amento do livro &#8220;Panec\u00e1stica \u2013 a pesquisa e o desafio da emancipa\u00e7\u00e3o intelectual&#8221;, que tem como organizadoras as professoras Cl\u00e1udia Helena Ara\u00fajo, Dayanna Santos e Suzana Lopes de Albuquerque.<br \/>\nA obra \u00e9 a primeira de uma colet\u00e2nea cujo segundo volume j\u00e1 est\u00e1 em prepara\u00e7\u00e3o. Ela re\u00fane 11 cap\u00edtulos escritos por membros do grupo, todos ligados ao IFG. Os textos \u201cse apropriam de refer\u00eancias voltadas \u00e0 educa\u00e7\u00e3o libertadora e de discuss\u00f5es a partir de diversas concep\u00e7\u00f5es de ensino que fundamentam as quest\u00f5es a respeito do embrutecimento e da emancipa\u00e7\u00e3o intelectual no \u00e2mbito escolar\u201d, conforme descrito na contracapa do livro.<\/p>\n<p><img fetchpriority=\"high\" decoding=\"async\" class=\"alignnone size-full wp-image-68\" src=\"http:\/\/pesquisa.ifg.edu.br\/panecastica\/wp-content\/uploads\/sites\/8\/2018\/04\/WhatsApp-Image-2018-04-24-at-18.12.36.jpeg\" alt=\"WhatsApp Image 2018-04-24 at 18.12.36\" width=\"462\" height=\"308\" \/><\/p>\n<p>&nbsp;<\/p>\n<p>&nbsp;<\/p>\n<p><img decoding=\"async\" class=\"alignnone size-full wp-image-70\" src=\"http:\/\/pesquisa.ifg.edu.br\/panecastica\/wp-content\/uploads\/sites\/8\/2018\/04\/WhatsApp-Image-2018-04-24-at-18.12.49.jpeg\" alt=\"WhatsApp Image 2018-04-24 at 18.12.49\" width=\"462\" height=\"308\" \/><\/p>\n","protected":false},"excerpt":{"rendered":"<p>Foi realizado em 18 de dezembro de 2017 o lan\u00e7amento do livro &#8220;Panec\u00e1stica \u2013 a pesquisa e o desafio da emancipa\u00e7\u00e3o intelectual&#8221;, que tem como organizadoras as professoras Cl\u00e1udia Helena Ara\u00fajo, Dayanna Santos e Suzana Lopes de Albuquerque. A obra \u00e9 a primeira de uma colet\u00e2nea cujo segundo volume j\u00e1 est\u00e1 em prepara\u00e7\u00e3o. Ela re\u00fane [&hellip;]<\/p>\n","protected":false},"author":30,"featured_media":0,"comment_status":"open","ping_status":"open","sticky":false,"template":"","format":"standard","meta":{"_monsterinsights_skip_tracking":false,"_monsterinsights_sitenote_active":false,"_monsterinsights_sitenote_note":"","_monsterinsights_sitenote_category":0,"footnotes":""},"categories":[1],"tags":[],"class_list":["post-396","post","type-post","status-publish","format-standard","hentry","category-sem-categoria"],"_links":{"self":[{"href":"https:\/\/pesquisa.ifg.edu.br\/panecastica\/wp-json\/wp\/v2\/posts\/396"}],"collection":[{"href":"https:\/\/pesquisa.ifg.edu.br\/panecastica\/wp-json\/wp\/v2\/posts"}],"about":[{"href":"https:\/\/pesquisa.ifg.edu.br\/panecastica\/wp-json\/wp\/v2\/types\/post"}],"author":[{"embeddable":true,"href":"https:\/\/pesquisa.ifg.edu.br\/panecastica\/wp-json\/wp\/v2\/users\/30"}],"replies":[{"embeddable":true,"href":"https:\/\/pesquisa.ifg.edu.br\/panecastica\/wp-json\/wp\/v2\/comments?post=396"}],"version-history":[{"count":7,"href":"https:\/\/pesquisa.ifg.edu.br\/panecastica\/wp-json\/wp\/v2\/posts\/396\/revisions"}],"predecessor-version":[{"id":406,"href":"https:\/\/pesquisa.ifg.edu.br\/panecastica\/wp-json\/wp\/v2\/posts\/396\/revisions\/406"}],"wp:attachment":[{"href":"https:\/\/pesquisa.ifg.edu.br\/panecastica\/wp-json\/wp\/v2\/media?parent=396"}],"wp:term":[{"taxonomy":"category","embeddable":true,"href":"https:\/\/pesquisa.ifg.edu.br\/panecastica\/wp-json\/wp\/v2\/categories?post=396"},{"taxonomy":"post_tag","embeddable":true,"href":"https:\/\/pesquisa.ifg.edu.br\/panecastica\/wp-json\/wp\/v2\/tags?post=396"}],"curies":[{"name":"wp","href":"https:\/\/api.w.org\/{rel}","templated":true}]}}