{"id":592,"date":"2025-06-20T11:08:33","date_gmt":"2025-06-20T14:08:33","guid":{"rendered":"https:\/\/pesquisa.ifg.edu.br\/nupefil\/?p=592"},"modified":"2025-06-20T11:08:34","modified_gmt":"2025-06-20T14:08:34","slug":"iii-seminario-nupefil-e-vii-encontro-de-filosofia-ifg-filosofia-crise-e-perspectivas","status":"publish","type":"post","link":"https:\/\/pesquisa.ifg.edu.br\/nupefil\/2025\/06\/20\/iii-seminario-nupefil-e-vii-encontro-de-filosofia-ifg-filosofia-crise-e-perspectivas\/","title":{"rendered":"III Semin\u00e1rio NUPEFIL e VII Encontro de Filosofia IFG: Filosofia, Crise e Perspectivas"},"content":{"rendered":"\n<p>O <strong>III Semin\u00e1rio NUPEFIL<\/strong> e o <strong>VII Encontro de Filosofia do IFG<\/strong> s\u00e3o eventos que re\u00fanem pensadores, acad\u00eamicos e estudantes para discutir temas centrais da filosofia contempor\u00e2nea, especialmente no contexto de crises sociais, pol\u00edticas e \u00e9ticas. Este encontro busca promover um espa\u00e7o de reflex\u00e3o cr\u00edtica sobre as perspectivas filos\u00f3ficas que podem ajudar a abordar os desafios atuais.<\/p>\n\n\n\n<h4 class=\"wp-block-heading\">Temas Centrais<\/h4>\n\n\n\n<ol class=\"wp-block-list\">\n<li><strong>Filosofia e Crise<\/strong>\n<ul class=\"wp-block-list\">\n<li>A filosofia tem um papel crucial em momentos de crise, oferecendo ferramentas para a an\u00e1lise cr\u00edtica das situa\u00e7\u00f5es e propondo novas formas de entendimento e a\u00e7\u00e3o.<\/li>\n\n\n\n<li>Discuss\u00f5es sobre como as crises (econ\u00f4mica, pol\u00edtica, ambiental) afetam a vida cotidiana e as estruturas sociais.<\/li>\n<\/ul>\n<\/li>\n\n\n\n<li><strong>Perspectivas Futuras<\/strong>\n<ul class=\"wp-block-list\">\n<li>Reflex\u00e3o sobre o futuro da filosofia diante das mudan\u00e7as r\u00e1pidas na sociedade, tecnologia e cultura.<\/li>\n\n\n\n<li>O papel da filosofia na forma\u00e7\u00e3o de cidad\u00e3os cr\u00edticos e engajados, capazes de lidar com as complexidades do mundo contempor\u00e2neo.<\/li>\n<\/ul>\n<\/li>\n\n\n\n<li><strong>Interdisciplinaridade<\/strong>\n<ul class=\"wp-block-list\">\n<li>A import\u00e2ncia de integrar diferentes \u00e1reas do conhecimento para enriquecer as discuss\u00f5es filos\u00f3ficas.<\/li>\n\n\n\n<li>Como a \u00e9tica, a pol\u00edtica e a est\u00e9tica podem dialogar entre si para oferecer solu\u00e7\u00f5es inovadoras para os problemas atuais.<\/li>\n<\/ul>\n<\/li>\n<\/ol>\n\n\n\n<h4 class=\"wp-block-heading\">Objetivos do Evento<\/h4>\n\n\n\n<ul class=\"wp-block-list\">\n<li><strong>Promover o Di\u00e1logo<\/strong>: Criar um espa\u00e7o onde diferentes vozes e perspectivas possam ser ouvidas e debatidas.<\/li>\n\n\n\n<li><strong>Fomentar a Pesquisa<\/strong>: Incentivar a produ\u00e7\u00e3o acad\u00eamica e a pesquisa filos\u00f3fica em temas relevantes para a sociedade atual.<\/li>\n\n\n\n<li><strong>Educa\u00e7\u00e3o e Forma\u00e7\u00e3o<\/strong>: Contribuir para a forma\u00e7\u00e3o de uma nova gera\u00e7\u00e3o de fil\u00f3sofos e pensadores cr\u00edticos.<\/li>\n<\/ul>\n","protected":false},"excerpt":{"rendered":"<p>O III Semin\u00e1rio NUPEFIL e o VII Encontro de Filosofia do IFG s\u00e3o eventos que re\u00fanem pensadores, acad\u00eamicos e estudantes para discutir temas centrais da filosofia contempor\u00e2nea, especialmente no contexto de crises sociais, pol\u00edticas e \u00e9ticas. Este encontro busca promover um espa\u00e7o de reflex\u00e3o cr\u00edtica sobre as perspectivas filos\u00f3ficas que podem ajudar a abordar os &#8230; <a title=\"III Semin\u00e1rio NUPEFIL e VII Encontro de Filosofia IFG: Filosofia, Crise e Perspectivas\" class=\"read-more\" href=\"https:\/\/pesquisa.ifg.edu.br\/nupefil\/2025\/06\/20\/iii-seminario-nupefil-e-vii-encontro-de-filosofia-ifg-filosofia-crise-e-perspectivas\/\" aria-label=\"Read more about III Semin\u00e1rio NUPEFIL e VII Encontro de Filosofia IFG: Filosofia, Crise e Perspectivas\">Ler mais<\/a><\/p>\n","protected":false},"author":99,"featured_media":257,"comment_status":"open","ping_status":"open","sticky":false,"template":"","format":"standard","meta":{"_monsterinsights_skip_tracking":false,"_monsterinsights_sitenote_active":false,"_monsterinsights_sitenote_note":"","_monsterinsights_sitenote_category":0,"footnotes":""},"categories":[10],"tags":[],"class_list":["post-592","post","type-post","status-publish","format-standard","has-post-thumbnail","hentry","category-seminario"],"_links":{"self":[{"href":"https:\/\/pesquisa.ifg.edu.br\/nupefil\/wp-json\/wp\/v2\/posts\/592"}],"collection":[{"href":"https:\/\/pesquisa.ifg.edu.br\/nupefil\/wp-json\/wp\/v2\/posts"}],"about":[{"href":"https:\/\/pesquisa.ifg.edu.br\/nupefil\/wp-json\/wp\/v2\/types\/post"}],"author":[{"embeddable":true,"href":"https:\/\/pesquisa.ifg.edu.br\/nupefil\/wp-json\/wp\/v2\/users\/99"}],"replies":[{"embeddable":true,"href":"https:\/\/pesquisa.ifg.edu.br\/nupefil\/wp-json\/wp\/v2\/comments?post=592"}],"version-history":[{"count":1,"href":"https:\/\/pesquisa.ifg.edu.br\/nupefil\/wp-json\/wp\/v2\/posts\/592\/revisions"}],"predecessor-version":[{"id":593,"href":"https:\/\/pesquisa.ifg.edu.br\/nupefil\/wp-json\/wp\/v2\/posts\/592\/revisions\/593"}],"wp:featuredmedia":[{"embeddable":true,"href":"https:\/\/pesquisa.ifg.edu.br\/nupefil\/wp-json\/wp\/v2\/media\/257"}],"wp:attachment":[{"href":"https:\/\/pesquisa.ifg.edu.br\/nupefil\/wp-json\/wp\/v2\/media?parent=592"}],"wp:term":[{"taxonomy":"category","embeddable":true,"href":"https:\/\/pesquisa.ifg.edu.br\/nupefil\/wp-json\/wp\/v2\/categories?post=592"},{"taxonomy":"post_tag","embeddable":true,"href":"https:\/\/pesquisa.ifg.edu.br\/nupefil\/wp-json\/wp\/v2\/tags?post=592"}],"curies":[{"name":"wp","href":"https:\/\/api.w.org\/{rel}","templated":true}]}}