{"id":590,"date":"2025-06-20T11:05:04","date_gmt":"2025-06-20T14:05:04","guid":{"rendered":"https:\/\/pesquisa.ifg.edu.br\/nupefil\/?p=590"},"modified":"2025-06-20T11:05:05","modified_gmt":"2025-06-20T14:05:05","slug":"ii-seminario-nupefil-e-vi-encontro-de-filosofia-filosofia-etica-e-politica-no-mundo-contemporaneo","status":"publish","type":"post","link":"https:\/\/pesquisa.ifg.edu.br\/nupefil\/2025\/06\/20\/ii-seminario-nupefil-e-vi-encontro-de-filosofia-filosofia-etica-e-politica-no-mundo-contemporaneo\/","title":{"rendered":"II Semin\u00e1rio NUPEFIL e VI Encontro de Filosofia: Filosofia, \u00c9tica e Pol\u00edtica no Mundo Contempor\u00e2neo"},"content":{"rendered":"\n<p>Este evento se prop\u00f5e a explorar as intersec\u00e7\u00f5es entre filosofia, \u00e9tica e pol\u00edtica, especialmente em um contexto contempor\u00e2neo marcado por desafios sociais, tecnol\u00f3gicos e \u00e9ticos.<\/p>\n\n\n\n<h4 class=\"wp-block-heading\">Temas Centrais do Semin\u00e1rio<\/h4>\n\n\n\n<ol class=\"wp-block-list\">\n<li><strong>Rela\u00e7\u00e3o entre Filosofia e \u00c9tica<\/strong>:\n<ul class=\"wp-block-list\">\n<li>Como os princ\u00edpios filos\u00f3ficos moldam a \u00e9tica nas decis\u00f5es pol\u00edticas e sociais.<\/li>\n\n\n\n<li>A influ\u00eancia de pensadores cl\u00e1ssicos e contempor\u00e2neos sobre a \u00e9tica no mundo atual.<\/li>\n<\/ul>\n<\/li>\n\n\n\n<li><strong>Desafios Pol\u00edticos Contempor\u00e2neos<\/strong>:\n<ul class=\"wp-block-list\">\n<li>A crise da democracia e a necessidade de novas formas de participa\u00e7\u00e3o cidad\u00e3.<\/li>\n\n\n\n<li>O impacto das redes sociais e da tecnologia na pol\u00edtica e na \u00e9tica p\u00fablica.<\/li>\n<\/ul>\n<\/li>\n\n\n\n<li><strong>\u00c9tica em Tempos de Crise<\/strong>:\n<ul class=\"wp-block-list\">\n<li>Discuss\u00e3o sobre a \u00e9tica em tempos de pandemia e crises sociais.<\/li>\n\n\n\n<li>Como a filosofia pode oferecer ferramentas para enfrentar dilemas \u00e9ticos emergentes.<\/li>\n<\/ul>\n<\/li>\n\n\n\n<li><strong>Interdisciplinaridade<\/strong>:\n<ul class=\"wp-block-list\">\n<li>A import\u00e2ncia de integrar diferentes \u00e1reas do conhecimento para entender quest\u00f5es complexas.<\/li>\n\n\n\n<li>Exemplos de como a filosofia dialoga com a sociologia, psicologia e ci\u00eancia pol\u00edtica.<\/li>\n<\/ul>\n<\/li>\n<\/ol>\n\n\n\n<h4 class=\"wp-block-heading\">Objetivos do Evento<\/h4>\n\n\n\n<ul class=\"wp-block-list\">\n<li><strong>Promover o Di\u00e1logo<\/strong>: Fomentar discuss\u00f5es entre acad\u00eamicos, estudantes e profissionais sobre a relev\u00e2ncia da filosofia na forma\u00e7\u00e3o de uma sociedade mais \u00e9tica e justa.<\/li>\n\n\n\n<li><strong>Refletir sobre Pr\u00e1ticas<\/strong>: Analisar como as teorias filos\u00f3ficas podem ser aplicadas na pr\u00e1tica pol\u00edtica e nas decis\u00f5es \u00e9ticas do dia a dia.<\/li>\n\n\n\n<li><strong>Envolver a Comunidade<\/strong>: Incentivar a participa\u00e7\u00e3o do p\u00fablico em geral nas discuss\u00f5es, promovendo um espa\u00e7o de aprendizado e troca de ideias.<\/li>\n<\/ul>\n","protected":false},"excerpt":{"rendered":"<p>Este evento se prop\u00f5e a explorar as intersec\u00e7\u00f5es entre filosofia, \u00e9tica e pol\u00edtica, especialmente em um contexto contempor\u00e2neo marcado por desafios sociais, tecnol\u00f3gicos e \u00e9ticos. Temas Centrais do Semin\u00e1rio Objetivos do Evento<\/p>\n","protected":false},"author":99,"featured_media":78,"comment_status":"open","ping_status":"open","sticky":false,"template":"","format":"standard","meta":{"_monsterinsights_skip_tracking":false,"_monsterinsights_sitenote_active":false,"_monsterinsights_sitenote_note":"","_monsterinsights_sitenote_category":0,"footnotes":""},"categories":[10],"tags":[],"class_list":["post-590","post","type-post","status-publish","format-standard","has-post-thumbnail","hentry","category-seminario"],"_links":{"self":[{"href":"https:\/\/pesquisa.ifg.edu.br\/nupefil\/wp-json\/wp\/v2\/posts\/590"}],"collection":[{"href":"https:\/\/pesquisa.ifg.edu.br\/nupefil\/wp-json\/wp\/v2\/posts"}],"about":[{"href":"https:\/\/pesquisa.ifg.edu.br\/nupefil\/wp-json\/wp\/v2\/types\/post"}],"author":[{"embeddable":true,"href":"https:\/\/pesquisa.ifg.edu.br\/nupefil\/wp-json\/wp\/v2\/users\/99"}],"replies":[{"embeddable":true,"href":"https:\/\/pesquisa.ifg.edu.br\/nupefil\/wp-json\/wp\/v2\/comments?post=590"}],"version-history":[{"count":1,"href":"https:\/\/pesquisa.ifg.edu.br\/nupefil\/wp-json\/wp\/v2\/posts\/590\/revisions"}],"predecessor-version":[{"id":591,"href":"https:\/\/pesquisa.ifg.edu.br\/nupefil\/wp-json\/wp\/v2\/posts\/590\/revisions\/591"}],"wp:featuredmedia":[{"embeddable":true,"href":"https:\/\/pesquisa.ifg.edu.br\/nupefil\/wp-json\/wp\/v2\/media\/78"}],"wp:attachment":[{"href":"https:\/\/pesquisa.ifg.edu.br\/nupefil\/wp-json\/wp\/v2\/media?parent=590"}],"wp:term":[{"taxonomy":"category","embeddable":true,"href":"https:\/\/pesquisa.ifg.edu.br\/nupefil\/wp-json\/wp\/v2\/categories?post=590"},{"taxonomy":"post_tag","embeddable":true,"href":"https:\/\/pesquisa.ifg.edu.br\/nupefil\/wp-json\/wp\/v2\/tags?post=590"}],"curies":[{"name":"wp","href":"https:\/\/api.w.org\/{rel}","templated":true}]}}