{"id":588,"date":"2025-06-20T10:58:31","date_gmt":"2025-06-20T13:58:31","guid":{"rendered":"https:\/\/pesquisa.ifg.edu.br\/nupefil\/?p=588"},"modified":"2025-06-20T10:58:32","modified_gmt":"2025-06-20T13:58:32","slug":"i-seminario-nupefil-filosofia-educacao-e-vida-politica-na-sociedade-tecnologica","status":"publish","type":"post","link":"https:\/\/pesquisa.ifg.edu.br\/nupefil\/2025\/06\/20\/i-seminario-nupefil-filosofia-educacao-e-vida-politica-na-sociedade-tecnologica\/","title":{"rendered":"I Semin\u00e1rio NUPEFIL: Filosofia, Educa\u00e7\u00e3o e Vida Pol\u00edtica na Sociedade Tecnol\u00f3gica"},"content":{"rendered":"\n<p>O <strong>I Semin\u00e1rio NUPEFIL<\/strong> \u00e9 um espa\u00e7o de reflex\u00e3o e debate sobre a interconex\u00e3o entre filosofia, educa\u00e7\u00e3o e vida pol\u00edtica, especialmente em um contexto marcado pelo avan\u00e7o tecnol\u00f3gico. Este evento \u00e9 crucial para entender como esses elementos se influenciam mutuamente na sociedade contempor\u00e2nea.<\/p>\n\n\n\n<h4 class=\"wp-block-heading\">Temas Principais<\/h4>\n\n\n\n<ol class=\"wp-block-list\">\n<li><strong>Filosofia e Educa\u00e7\u00e3o<\/strong>:\n<ul class=\"wp-block-list\">\n<li>A filosofia oferece as bases para a forma\u00e7\u00e3o cr\u00edtica dos indiv\u00edduos. Discutir a educa\u00e7\u00e3o sob uma perspectiva filos\u00f3fica permite questionar os m\u00e9todos de ensino e a finalidade da educa\u00e7\u00e3o na forma\u00e7\u00e3o de cidad\u00e3os conscientes e ativos.<\/li>\n<\/ul>\n<\/li>\n\n\n\n<li><strong>Vida Pol\u00edtica<\/strong>:\n<ul class=\"wp-block-list\">\n<li>A vida pol\u00edtica \u00e9 impactada pela educa\u00e7\u00e3o e pela filosofia. Como os cidad\u00e3os s\u00e3o educados e que valores s\u00e3o promovidos afetam diretamente sua participa\u00e7\u00e3o pol\u00edtica e sua capacidade de engajamento c\u00edvico.<\/li>\n<\/ul>\n<\/li>\n\n\n\n<li><strong>Sociedade Tecnol\u00f3gica<\/strong>:\n<ul class=\"wp-block-list\">\n<li>A tecnologia transforma as rela\u00e7\u00f5es sociais e pol\u00edticas. O semin\u00e1rio busca explorar como a tecnologia influencia a educa\u00e7\u00e3o e a pr\u00e1tica pol\u00edtica, al\u00e9m de discutir os desafios \u00e9ticos que surgem nesse novo cen\u00e1rio.<\/li>\n<\/ul>\n<\/li>\n<\/ol>\n\n\n\n<h4 class=\"wp-block-heading\">Import\u00e2ncia do Semin\u00e1rio<\/h4>\n\n\n\n<p>O I Semin\u00e1rio NUPEFIL \u00e9 uma oportunidade para acad\u00eamicos, estudantes e profissionais se reunirem e discutirem a relev\u00e2ncia da filosofia e da educa\u00e7\u00e3o na forma\u00e7\u00e3o de uma sociedade mais justa e participativa. A reflex\u00e3o sobre a vida pol\u00edtica em um mundo tecnol\u00f3gico \u00e9 essencial para compreender os novos desafios que enfrentamos.<\/p>\n","protected":false},"excerpt":{"rendered":"<p>O I Semin\u00e1rio NUPEFIL \u00e9 um espa\u00e7o de reflex\u00e3o e debate sobre a interconex\u00e3o entre filosofia, educa\u00e7\u00e3o e vida pol\u00edtica, especialmente em um contexto marcado pelo avan\u00e7o tecnol\u00f3gico. Este evento \u00e9 crucial para entender como esses elementos se influenciam mutuamente na sociedade contempor\u00e2nea. Temas Principais Import\u00e2ncia do Semin\u00e1rio O I Semin\u00e1rio NUPEFIL \u00e9 uma oportunidade &#8230; <a title=\"I Semin\u00e1rio NUPEFIL: Filosofia, Educa\u00e7\u00e3o e Vida Pol\u00edtica na Sociedade Tecnol\u00f3gica\" class=\"read-more\" href=\"https:\/\/pesquisa.ifg.edu.br\/nupefil\/2025\/06\/20\/i-seminario-nupefil-filosofia-educacao-e-vida-politica-na-sociedade-tecnologica\/\" aria-label=\"Read more about I Semin\u00e1rio NUPEFIL: Filosofia, Educa\u00e7\u00e3o e Vida Pol\u00edtica na Sociedade Tecnol\u00f3gica\">Ler mais<\/a><\/p>\n","protected":false},"author":99,"featured_media":79,"comment_status":"open","ping_status":"open","sticky":false,"template":"","format":"standard","meta":{"_monsterinsights_skip_tracking":false,"_monsterinsights_sitenote_active":false,"_monsterinsights_sitenote_note":"","_monsterinsights_sitenote_category":0,"footnotes":""},"categories":[10],"tags":[],"class_list":["post-588","post","type-post","status-publish","format-standard","has-post-thumbnail","hentry","category-seminario"],"_links":{"self":[{"href":"https:\/\/pesquisa.ifg.edu.br\/nupefil\/wp-json\/wp\/v2\/posts\/588"}],"collection":[{"href":"https:\/\/pesquisa.ifg.edu.br\/nupefil\/wp-json\/wp\/v2\/posts"}],"about":[{"href":"https:\/\/pesquisa.ifg.edu.br\/nupefil\/wp-json\/wp\/v2\/types\/post"}],"author":[{"embeddable":true,"href":"https:\/\/pesquisa.ifg.edu.br\/nupefil\/wp-json\/wp\/v2\/users\/99"}],"replies":[{"embeddable":true,"href":"https:\/\/pesquisa.ifg.edu.br\/nupefil\/wp-json\/wp\/v2\/comments?post=588"}],"version-history":[{"count":1,"href":"https:\/\/pesquisa.ifg.edu.br\/nupefil\/wp-json\/wp\/v2\/posts\/588\/revisions"}],"predecessor-version":[{"id":589,"href":"https:\/\/pesquisa.ifg.edu.br\/nupefil\/wp-json\/wp\/v2\/posts\/588\/revisions\/589"}],"wp:featuredmedia":[{"embeddable":true,"href":"https:\/\/pesquisa.ifg.edu.br\/nupefil\/wp-json\/wp\/v2\/media\/79"}],"wp:attachment":[{"href":"https:\/\/pesquisa.ifg.edu.br\/nupefil\/wp-json\/wp\/v2\/media?parent=588"}],"wp:term":[{"taxonomy":"category","embeddable":true,"href":"https:\/\/pesquisa.ifg.edu.br\/nupefil\/wp-json\/wp\/v2\/categories?post=588"},{"taxonomy":"post_tag","embeddable":true,"href":"https:\/\/pesquisa.ifg.edu.br\/nupefil\/wp-json\/wp\/v2\/tags?post=588"}],"curies":[{"name":"wp","href":"https:\/\/api.w.org\/{rel}","templated":true}]}}