{"id":1209,"date":"2025-11-14T19:33:05","date_gmt":"2025-11-14T22:33:05","guid":{"rendered":"https:\/\/pesquisa.ifg.edu.br\/nupefil\/?p=1209"},"modified":"2025-11-14T19:33:07","modified_gmt":"2025-11-14T22:33:07","slug":"secitec-2025","status":"publish","type":"post","link":"https:\/\/pesquisa.ifg.edu.br\/nupefil\/2025\/11\/14\/secitec-2025\/","title":{"rendered":"Secitec 2025"},"content":{"rendered":"\n<div class=\"wp-block-media-text is-stacked-on-mobile\"><figure class=\"wp-block-media-text__media\"><img fetchpriority=\"high\" decoding=\"async\" width=\"723\" height=\"1024\" src=\"http:\/\/pesquisa.ifg.edu.br\/nupefil\/wp-content\/uploads\/sites\/9\/2025\/11\/b1ae0cf8-74ca-48a9-84aa-692e5b5fa33c-723x1024.jpg\" alt=\"\" class=\"wp-image-1204 size-full\" srcset=\"https:\/\/pesquisa.ifg.edu.br\/nupefil\/wp-content\/uploads\/sites\/9\/2025\/11\/b1ae0cf8-74ca-48a9-84aa-692e5b5fa33c-723x1024.jpg 723w, https:\/\/pesquisa.ifg.edu.br\/nupefil\/wp-content\/uploads\/sites\/9\/2025\/11\/b1ae0cf8-74ca-48a9-84aa-692e5b5fa33c-212x300.jpg 212w, https:\/\/pesquisa.ifg.edu.br\/nupefil\/wp-content\/uploads\/sites\/9\/2025\/11\/b1ae0cf8-74ca-48a9-84aa-692e5b5fa33c-768x1087.jpg 768w, https:\/\/pesquisa.ifg.edu.br\/nupefil\/wp-content\/uploads\/sites\/9\/2025\/11\/b1ae0cf8-74ca-48a9-84aa-692e5b5fa33c.jpg 904w\" sizes=\"(max-width: 723px) 100vw, 723px\" \/><\/figure><div class=\"wp-block-media-text__content\">\n<p><\/p>\n\n\n\n<p>Como parte da programa\u00e7\u00e3o da <strong>Secitec 2025 \u2013 Semana de Educa\u00e7\u00e3o, Ci\u00eancia, Tecnologia e Cultura do C\u00e2mpus Goi\u00e2nia<\/strong>, ser\u00e1 realizada a palestra <strong>\u201cEm Busca do Seu Primeiro Emprego\u201d<\/strong>, uma oportunidade imperd\u00edvel para quem deseja se preparar para entrar no mercado de trabalho com mais seguran\u00e7a e estrat\u00e9gia.<\/p>\n\n\n\n<p><\/p>\n\n\n\n<p>Durante o encontro, a palestrante abordar\u00e1, de forma inspiradora e pr\u00e1tica, como jovens e iniciantes podem se preparar, se posicionar e conquistar suas primeiras oportunidades profissionais. O foco ser\u00e1 no desenvolvimento de habilidades essenciais, na constru\u00e7\u00e3o de uma boa apresenta\u00e7\u00e3o pessoal e no entendimento das expectativas do mercado atual.<\/p>\n\n\n\n<p><\/p>\n\n\n\n<p><\/p>\n<\/div><\/div>\n","protected":false},"excerpt":{"rendered":"<p>Como parte da programa\u00e7\u00e3o da Secitec 2025 \u2013 Semana de Educa\u00e7\u00e3o, Ci\u00eancia, Tecnologia e Cultura do C\u00e2mpus Goi\u00e2nia, ser\u00e1 realizada a palestra \u201cEm Busca do Seu Primeiro Emprego\u201d, uma oportunidade imperd\u00edvel para quem deseja se preparar para entrar no mercado de trabalho com mais seguran\u00e7a e estrat\u00e9gia. Durante o encontro, a palestrante abordar\u00e1, de forma &#8230; <a title=\"Secitec 2025\" class=\"read-more\" href=\"https:\/\/pesquisa.ifg.edu.br\/nupefil\/2025\/11\/14\/secitec-2025\/\" aria-label=\"Read more about Secitec 2025\">Ler mais<\/a><\/p>\n","protected":false},"author":99,"featured_media":0,"comment_status":"open","ping_status":"open","sticky":false,"template":"","format":"standard","meta":{"_monsterinsights_skip_tracking":false,"_monsterinsights_sitenote_active":false,"_monsterinsights_sitenote_note":"","_monsterinsights_sitenote_category":0,"footnotes":""},"categories":[1],"tags":[],"class_list":["post-1209","post","type-post","status-publish","format-standard","hentry","category-eventos"],"_links":{"self":[{"href":"https:\/\/pesquisa.ifg.edu.br\/nupefil\/wp-json\/wp\/v2\/posts\/1209"}],"collection":[{"href":"https:\/\/pesquisa.ifg.edu.br\/nupefil\/wp-json\/wp\/v2\/posts"}],"about":[{"href":"https:\/\/pesquisa.ifg.edu.br\/nupefil\/wp-json\/wp\/v2\/types\/post"}],"author":[{"embeddable":true,"href":"https:\/\/pesquisa.ifg.edu.br\/nupefil\/wp-json\/wp\/v2\/users\/99"}],"replies":[{"embeddable":true,"href":"https:\/\/pesquisa.ifg.edu.br\/nupefil\/wp-json\/wp\/v2\/comments?post=1209"}],"version-history":[{"count":1,"href":"https:\/\/pesquisa.ifg.edu.br\/nupefil\/wp-json\/wp\/v2\/posts\/1209\/revisions"}],"predecessor-version":[{"id":1210,"href":"https:\/\/pesquisa.ifg.edu.br\/nupefil\/wp-json\/wp\/v2\/posts\/1209\/revisions\/1210"}],"wp:attachment":[{"href":"https:\/\/pesquisa.ifg.edu.br\/nupefil\/wp-json\/wp\/v2\/media?parent=1209"}],"wp:term":[{"taxonomy":"category","embeddable":true,"href":"https:\/\/pesquisa.ifg.edu.br\/nupefil\/wp-json\/wp\/v2\/categories?post=1209"},{"taxonomy":"post_tag","embeddable":true,"href":"https:\/\/pesquisa.ifg.edu.br\/nupefil\/wp-json\/wp\/v2\/tags?post=1209"}],"curies":[{"name":"wp","href":"https:\/\/api.w.org\/{rel}","templated":true}]}}