{"id":641,"date":"2021-04-23T11:13:59","date_gmt":"2021-04-23T14:13:59","guid":{"rendered":"http:\/\/pesquisa.ifg.edu.br\/laboratoriodoensinodehistoria\/?p=641"},"modified":"2021-04-23T11:13:59","modified_gmt":"2021-04-23T14:13:59","slug":"programa-de-residencia-pedagogica-a-formacao-docente-e-praticas-de-ensino-em-historia","status":"publish","type":"post","link":"https:\/\/pesquisa.ifg.edu.br\/laboratoriodoensinodehistoria\/2021\/04\/23\/programa-de-residencia-pedagogica-a-formacao-docente-e-praticas-de-ensino-em-historia\/","title":{"rendered":"Programa de Resid\u00eancia Pedag\u00f3gica: a forma\u00e7\u00e3o docente e pr\u00e1ticas de ensino em hist\u00f3ria"},"content":{"rendered":"<p>Livro publicado pelo Professor Dr. Andr\u00e9 Aciole sobre o programa de Resid\u00eancia Pedag\u00f3gica do IFG. <a href=\"http:\/\/pesquisa.ifg.edu.br\/laboratoriodoensinodehistoria\/wp-content\/uploads\/sites\/10\/2021\/04\/PROGRAMA_DE_RESIDENCIA_PEDAGOGICA-_compressed.pdf\">(leia mais)<\/a><\/p>\n","protected":false},"excerpt":{"rendered":"<p>Livro publicado pelo Professor Dr. Andr\u00e9 Aciole sobre o programa de Resid\u00eancia Pedag\u00f3gica do IFG. (leia mais)<\/p>\n","protected":false},"author":53,"featured_media":0,"comment_status":"open","ping_status":"open","sticky":false,"template":"","format":"standard","meta":{"_monsterinsights_skip_tracking":false,"_monsterinsights_sitenote_active":false,"_monsterinsights_sitenote_note":"","_monsterinsights_sitenote_category":0,"footnotes":""},"categories":[1],"tags":[],"class_list":["post-641","post","type-post","status-publish","format-standard","hentry","category-sem-categoria"],"_links":{"self":[{"href":"https:\/\/pesquisa.ifg.edu.br\/laboratoriodoensinodehistoria\/wp-json\/wp\/v2\/posts\/641"}],"collection":[{"href":"https:\/\/pesquisa.ifg.edu.br\/laboratoriodoensinodehistoria\/wp-json\/wp\/v2\/posts"}],"about":[{"href":"https:\/\/pesquisa.ifg.edu.br\/laboratoriodoensinodehistoria\/wp-json\/wp\/v2\/types\/post"}],"author":[{"embeddable":true,"href":"https:\/\/pesquisa.ifg.edu.br\/laboratoriodoensinodehistoria\/wp-json\/wp\/v2\/users\/53"}],"replies":[{"embeddable":true,"href":"https:\/\/pesquisa.ifg.edu.br\/laboratoriodoensinodehistoria\/wp-json\/wp\/v2\/comments?post=641"}],"version-history":[{"count":2,"href":"https:\/\/pesquisa.ifg.edu.br\/laboratoriodoensinodehistoria\/wp-json\/wp\/v2\/posts\/641\/revisions"}],"predecessor-version":[{"id":643,"href":"https:\/\/pesquisa.ifg.edu.br\/laboratoriodoensinodehistoria\/wp-json\/wp\/v2\/posts\/641\/revisions\/643"}],"wp:attachment":[{"href":"https:\/\/pesquisa.ifg.edu.br\/laboratoriodoensinodehistoria\/wp-json\/wp\/v2\/media?parent=641"}],"wp:term":[{"taxonomy":"category","embeddable":true,"href":"https:\/\/pesquisa.ifg.edu.br\/laboratoriodoensinodehistoria\/wp-json\/wp\/v2\/categories?post=641"},{"taxonomy":"post_tag","embeddable":true,"href":"https:\/\/pesquisa.ifg.edu.br\/laboratoriodoensinodehistoria\/wp-json\/wp\/v2\/tags?post=641"}],"curies":[{"name":"wp","href":"https:\/\/api.w.org\/{rel}","templated":true}]}}