{"id":468,"date":"2020-12-05T13:56:07","date_gmt":"2020-12-05T16:56:07","guid":{"rendered":"http:\/\/pesquisa.ifg.edu.br\/laboratoriodoensinodehistoria\/?p=468"},"modified":"2020-12-14T09:28:59","modified_gmt":"2020-12-14T12:28:59","slug":"museus","status":"publish","type":"post","link":"https:\/\/pesquisa.ifg.edu.br\/laboratoriodoensinodehistoria\/2020\/12\/05\/museus\/","title":{"rendered":"Museus Digitais"},"content":{"rendered":"<p style=\"text-align: justify\">Conhe\u00e7a nesta publica\u00e7\u00e3o projetos, como o Conhecendo Museus e o Tainacan, que promovem a difus\u00e3o de museus e seus acervos. Confira tamb\u00e9m a sele\u00e7\u00e3o de alguns dos principais museus digitais do Brasil e do mundo.<\/p>\n<h4 style=\"text-align: center\"><em><strong>ACERVOS MUSEOL\u00d3GICOS<\/strong><\/em><\/h4>\n<p>&nbsp;<\/p>\n<pre><a href=\"http:\/\/www.conhecendomuseus.com.br\/\"><strong>PROJETO CONHECENDO MUSEUS<\/strong><\/a><\/pre>\n<ul>\n<li style=\"text-align: justify\">O Projeto Conhecendo Museus \u00e9 site criado para apresentar em detalhes os principais museus do Brasil. O objetivo \u00e9 democratizar o conhecimento gerado por essas institui\u00e7\u00f5es para difundir os bens e valores culturais humanos, al\u00e9m de divertir e estimular o surgimento de novos p\u00fablicos. O projeto n\u00e3o s\u00f3 promove o resgate da mem\u00f3ria brasileira (gravada em objetos, obras de arte e documentos), mas tamb\u00e9m a integra a uma s\u00e9rie de informa\u00e7\u00f5es acess\u00edveis, e colabora para formar uma consci\u00eancia hist\u00f3rica e cr\u00edtica sobre a hist\u00f3ria do pa\u00eds.<\/li>\n<\/ul>\n<pre><a href=\"https:\/\/www.museus.gov.br\/acessoainformacao\/acoes-e-programas\/projeto-tainacan\/\"><strong>PROJETO TAINACAN<\/strong><\/a><\/pre>\n<ul>\n<li style=\"text-align: justify\">O projeto Tainacan \u00e9 resultado de uma iniciativa que promove a fundamenta\u00e7\u00e3o da pol\u00edtica nacional de acervos digitais (arquivos, bibliotecas e museus) e constitui a \u00faltima fase do projeto Acervo em Rede da Associa\u00e7\u00e3o Brasileira de Museus. Um dos produtos do Ibram \u00e9 a &#8220;Plataforma de Classifica\u00e7\u00e3o e Comunica\u00e7\u00e3o de Museus&#8221;, implementada pelo Ibram em seus museus, e \u00e9 objeto de coopera\u00e7\u00e3o com a Universidade Federal de Goi\u00e1s (UFG). Os resultados iniciais do programa foram verificados e agora \u00e9 um bom momento para os museus aprenderem mais sobre a aplica\u00e7\u00e3o da ferramenta e vivenciar o valor dos esfor\u00e7os para organizar, integrar e possibilitar o acesso digital ao patrim\u00f4nio cultural brasileiro.<\/li>\n<\/ul>\n<p>&nbsp;<\/p>\n<h4 style=\"text-align: center\"><em><strong>MUSEUS DE ARTE<\/strong><\/em><\/h4>\n<p>&nbsp;<\/p>\n<pre><a href=\"http:\/\/museusibramgoias.acervos.museus.gov.br\/museu-das-bandeiras\/?view_mode=cards&amp;perpage=12&amp;paged=1&amp;order=DESC&amp;orderby=date&amp;fetch_only=thumbnail%2Ccreation_date%2Ctitle%2Cdescription&amp;fetch_only_meta\"><strong>MUSEU DE ARTE SACRA DA BOA MORTE - CIDADE DE GOI\u00c1S, BRASIL<\/strong><\/a><\/pre>\n<ul>\n<li style=\"text-align: justify\">Localizado na Cidade de Goi\u00e1s, o Museu de Arte Sacra da Boa Morte fica localizado no antigo pr\u00e9dio da Igreja da Boa Morte, sendo um dos mais importantes museus de arte sacra do Brasil. O acervo do museu possui cerca de mil itens, que variam de mobili\u00e1rios, pratarias, porcelanas, coroas, c\u00e1lices, gravuras, pinturas, dentre outros. Das artes sacras, podemos destacar o trabalho de Veiga Valle, considerado o santeiro e escultor mais cobi\u00e7ado da regi\u00e3o. Grande parte dos objetos do museu remetem aos s\u00e9culos XVIII e XIX.<\/li>\n<\/ul>\n<pre><a href=\"https:\/\/artsandculture.google.com\/partner\/masp\"><strong>MASP - S\u00c3O PAULO, BRASIL<\/strong><\/a><\/pre>\n<ul>\n<li style=\"text-align: justify\">Fundado em 1947 pelo brasileiro Assis Chateaubriand, o Museu de Arte de S\u00e3o Paulo \u00e9 um dos mais belos e modernos do pa\u00eds. O museu cont\u00e9m obras que re\u00fanem pinturas, fotografias, esculturas e objetos de diversos per\u00edodos, compreendendo v\u00e1rias culturas, como a africana e europ\u00e9ia. Apesar de ser uma institui\u00e7\u00e3o privada, o museu n\u00e3o possui fins lucrativos al\u00e9m de manter exposi\u00e7\u00f5es e realizar programas socioeducativos.<\/li>\n<\/ul>\n<pre><a href=\"https:\/\/artsandculture.google.com\/partner\/museu-nacional-de-belas-artes\"><strong>MUSEU NACIONAL DE BELAS ARTES - RIO DE JANEIRO, BRASIL<\/strong><\/a><\/pre>\n<ul>\n<li style=\"text-align: justify\">Criado em 1908, o Museu Nacional de Belas Artes \u00e9 um dos mais importantes museus do pa\u00eds, concentrando o maior acervo de obras do s\u00e9culo XIX do pa\u00eds, visto que abrange 70 mil pinturas, desenhos, gravuras, esculturas, objetos, documentos, livros e uma sess\u00e3o de arte extrangeira, dentre as quais podemos destacar as obras africanas. O museu possui obras de renomados artistas, como o franc\u00eas Jean Baptiste Debret, o brasileiro Pedro Am\u00e9rico, e os renomados artistas modernos Candido Portinari, Carlos Oswald e as artistas Djanira e Tarsila do Amaral. Dentre as principais obras, podemos citar A <em>Primeira Missa no Brasil<\/em>, de Victor Meirelles, <em>Caf\u00e9<\/em>, de Portinari, e <em>Batalha do Ava\u00ed<\/em>, por Pedro Am\u00e9rico.<\/li>\n<\/ul>\n<pre><a href=\"http:\/\/www.museivaticani.va\/content\/museivaticani\/en\/collezioni\/musei\/tour-virtuali-elenco.html\"><strong>MUSEUS DO VATICANO - CIDADE DO VATICANO, VATICANO\r\n<\/strong><\/a><\/pre>\n<ul>\n<li style=\"text-align: justify\">Na Cidade do Vaticano h\u00e1 um complexo de museus ligados \u00e0 Santa S\u00e9 que s\u00e3o conhecidos como Museus do Vaticano. Esses museus abrigam valios\u00edssimas obras de artes e cole\u00e7\u00f5es de itens, al\u00e9m de possu\u00edrem uma arquitetura muito bela. No site do museu \u00e9 poss\u00edvel conferir alguns dos diversos itens pertecentes ao Vaticano.<\/li>\n<\/ul>\n<pre><a href=\"https:\/\/www.museuoscarniemeyer.org.br\/visite\/visita-virtual-3D\"><strong>MUSEU OSCAR NIEMEYER - CURITIBA, BRASIL<\/strong><\/a><\/pre>\n<ul>\n<li style=\"text-align: justify\">O Museu Oscar Niemeyer (MON) est\u00e1 localizado em Curitiba e abriga um importante acervo de obras nacionais e estrangeiras, com aproximadamente 7.000 obras nas \u00e1reas de artes visuais, arquitetura e design. \u00c9 considerado o maior museu de arte da Am\u00e9rica Latina, O MON tem uma equipe interdisciplinar que visa reunir e melhorar a experi\u00eancia dos visitantes em artes visuais. Sendo considerado uma institui\u00e7\u00e3o de refer\u00eancia em artes visuais no Brasil e at\u00e9 no mundo, realiza importantes exposi\u00e7\u00f5es nacionais e internacionais, recebendo importantes mostras, como pinturas em Tule de Victor <em>Vasarely <\/em><em>na Hungria; pinturas de Tarsila do Amaral,\u00a0 Di Cavalcanti, Alfredo\u00a0 Andersen\u00a0 e Amedeo Modigliani.<\/em><\/li>\n<\/ul>\n<pre><a href=\"http:\/\/www.iteleport.com.br\/tour3d\/pinacoteca-de-sp-acervo-permanente\/?utm_medium=website&amp;utm_source=archdaily.com.br\"><strong>PINACOTECA - S\u00c3O PAULO, BRASIL<\/strong><\/a><\/pre>\n<ul>\n<li style=\"text-align: justify\">A Pinacoteca do Estado de S\u00e3o Paulo \u00e9 um dos museus de arte mais importantes do \u00c9 o museu de arte mais antigo, sendo fundado em 1905, tornando-se uma das institui\u00e7\u00f5es culturais mais din\u00e2micas do pa\u00eds, participando do c\u00edrculo expositivo internacional e promovendo o enriquecimento das atividades culturais mantendo ativa a produ\u00e7\u00e3o bibliogr\u00e1fica. O acervo da Pinacoteca abriga um dos maiores e mais representativos acervos da arte brasileira, com mais de 10.000 obras sobre a hist\u00f3ria da pintura brasileira dos s\u00e9culos XIX e XX.<\/li>\n<\/ul>\n<p>&nbsp;<\/p>\n<h4 style=\"text-align: center\"><em><strong>MUSEUS BIOGR\u00c1FICOS<\/strong><\/em><\/h4>\n<p>&nbsp;<\/p>\n<pre><a href=\"https:\/\/artsandculture.google.com\/story\/8QXhXqyM_oYkjQ\"><strong>CASA DE ANNE FRANK - AMSTERDAM, HOLANDA<\/strong><\/a><\/pre>\n<ul>\n<li style=\"text-align: justify\">A Casa de Anne Frank \u00e9 um museu biogr\u00e1fico, em mem\u00f3ria da v\u00edtima do holocausto nazista Anne Frank, localizado em Amsterd\u00e3, capital dos Pa\u00edses Baixos. Ele foi fundado em 3 de maio de 1960 para homenagear Anne Frank, com o objetivo de fortalecer la\u00e7os e interc\u00e2mbios entre diferentes culturas a fim de acabar com a intoler\u00e2ncia. O museu busca manter viva a hist\u00f3ria de Anne Frank e de sua fam\u00edlia, que ficou conhecida mundialmente ap\u00f3s os manuscritos de Anne terem se tornado um livro.<\/li>\n<\/ul>\n<pre><a href=\"https:\/\/www.museofridakahlo.org.mx\/es\/el-museo\/\"><strong>MUSEU FRIDA KHALO - CIDADE DO M\u00c9XICO, M\u00c9XICO<\/strong><\/a><\/pre>\n<ul>\n<li style=\"text-align: justify\">O Museu Frida Khalo, tamb\u00e9m conhecido como Museu Casa Azul, assim como a Casa de Anne Frank, \u00e9 uma casa-museu dedicada a preservar a hist\u00f3ria e as obras da artista mexicana Frida Khalo. Neste museu voc\u00ea adentra no universo \u00edntimo de Frida e entra em contato com algumas das obras mais importantes da artista: &#8220;Viva La Vida&#8221; (1954), &#8220;Frida La Caesarean Section&#8221; (1931), &#8220;Portrait of My Father William Carlow&#8221; (1952), dentre outros. A Casa Azul est\u00e1 localizada em um dos bairros mais bonitos e antigos da Cidade do M\u00e9xico, tendo sido transformada em museu em 1958, quatro anos ap\u00f3s a morte da artista. O museu \u00e9 um dos principais pontos tur\u00edsticos da capital mexicana.<\/li>\n<\/ul>\n<p>&nbsp;<\/p>\n<h4 style=\"text-align: center\"><em><strong>MUSEUS HIST\u00d3RICOS<\/strong><\/em><\/h4>\n<p>&nbsp;<\/p>\n<pre><a href=\"https:\/\/artsandculture.google.com\/partner\/museu-historico-nacional\"><strong>MUSEU HIST\u00d3RICO NACIONAL - RIO DE JANEIRO, BRASIL<\/strong><\/a><\/pre>\n<ul>\n<li style=\"text-align: justify\">Localizado no centro hist\u00f3rico do Rio de Janeiro, o Museu Hist\u00f3rico Nacional \u00e9 um museu que se dedica \u00e0 Hist\u00f3ria do Brasil. Criado em 1922, em homenagem ao Centen\u00e1rio da Independ\u00eancia, o museu est\u00e1 pr\u00f3ximo de completar 100 anos de exist\u00eancia, sendo um dos maiores museus do Brasil, com um acervo de mais de 300 mil pe\u00e7as. Trabalhando com a hist\u00f3ria brasileira, o museu possui obras\/itens que v\u00e3o desde o brasil pr\u00e9-Cabral at\u00e9 os dias atuais.<\/li>\n<\/ul>\n<pre><a href=\"https:\/\/artsandculture.google.com\/partner\/museu-imperial\"><strong>MUSEU IMPERIAL - RIO DE JANEIRO, BRASIL<\/strong><\/a><\/pre>\n<ul>\n<li style=\"text-align: justify\">O Museu do Pal\u00e1cio Imperial de Petr\u00f3polis guarda as principais cole\u00e7\u00f5es do pa\u00eds relacionadas ao per\u00edodo imperial brasileiro, com destaque para o chamado &#8220;Segundo Imp\u00e9rio&#8221;, que teve como regente Dom Pedro II. Al\u00e9m das atividades ininterruptas, exposi\u00e7\u00f5es e projetos educacionais, s\u00e3o cerca de 300 mil itens no acervo, que nos permite conhecer melhor um pouco mais da vida int\u00edma do imperador e da fam\u00edlia real brasileira, assim como aspectos referentes \u00e0 administra\u00e7\u00e3o do Estado brasileiro e do pr\u00f3prio pa\u00eds.<\/li>\n<\/ul>\n<pre><a href=\"http:\/\/museudainconfidencia.acervos.museus.gov.br\/acervo-museologico\/?view_mode=records&amp;perpage=12&amp;paged=1&amp;order=DESC&amp;orderby=date&amp;fetch_only=thumbnail&amp;fetch_only_meta=257197%2C13%2C54%2C153%2C231%2C179%2C183\"><strong>MUSEU DA INCONFID\u00caNCIA - OURO PRETO, BRASIL<\/strong><\/a><\/pre>\n<ul>\n<li style=\"text-align: justify\">O Museu da Inconfid\u00eancia surgiu ap\u00f3s a inicitiva do ent\u00e3o presidente Get\u00falio Vargas de, nas comemora\u00e7\u00f5es do cent\u00e9sio quinquag\u00e9simo anivers\u00e1rio da morte dos Inconfidentes mineiros, criar um Pante\u00e3o em homenagem a essas figuras hist\u00f3ricas. O lugar escolhido para sediar o Pante\u00e3o foi o pr\u00e9dio da antiga Casa de C\u00e2mara e Cadeia de Vila Rica, e o Museu da Inconfid\u00eancia ainda se encontra no mesmo pr\u00e9dio, que passou por reformas. O objetivo do museu \u00e9 salvaguardas as mem\u00f3rias da Inconfid\u00eancia Mineira, de seus atores e tamb\u00e9m da antiga Capitania mineira.<\/li>\n<\/ul>\n<pre><a href=\"https:\/\/artsandculture.google.com\/project\/museu-nacional-brasil\"><strong>MUSEU NACIONAL - RIO DE JANEIRO, BRASIL<\/strong><\/a><\/pre>\n<ul>\n<li style=\"text-align: justify\">No Pal\u00e1cio de S\u00e3o Crist\u00f3v\u00e3o est\u00e1 localizado o museu de Hist\u00f3ria Natural e Antropologia situado em Quinta da Boa Vista, que foi resid\u00eancia da fam\u00edlia real portuguesa de 1808 a 1821. No ano de 1892, o pal\u00e1cio foi tombado pelo Instituto do Patrim\u00f4nio Hist\u00f3rico e Art\u00edstico Nacional (IPHAN), e desde ent\u00e3o funciona como Museu Nacional. O Museu Nacional abriga uma enorme cole\u00e7\u00e3o de mais de 20 milh\u00f5es de objetos e itens hist\u00f3ricos, sendo que 90% do acervo foi perdido no inc\u00eandio em 2 de setembro de 2018, umas das maiores tr\u00e1gedias do s\u00e9culo para o Brasil e para o mundo.<\/li>\n<\/ul>\n<pre><a href=\"https:\/\/artsandculture.google.com\/streetview\/9QF3u2yNtD8ufQ?sv_lng=-99.1874967&amp;sv_lat=19.4262021&amp;sv_h=261.9837739797691&amp;sv_p=-1.1648862483025795&amp;sv_pid=vE0AANmrdjzJR19WXs9Z2w&amp;sv_z=1\"><strong>MUSEU NACIONAL DE ANTROPOLOGIA - CIDADE DO M\u00c9XICO, M\u00c9XICO<\/strong><\/a><\/pre>\n<ul>\n<li style=\"text-align: justify\">O Museu Nacional de Antropologia \u00e9 um dos mais importantes museus da Am\u00e9rica Latina, contando com um rico acervo, principalmente no que diz respeito aos povos nativos da Am\u00e9rica pr\u00e9-Colombo. O foco do museu al\u00e9m dos artefatos arqueol\u00f3gicos e antropol\u00f3gicos dos povos m\u00e9xicanos pr\u00e9-colombianos, \u00e9 tamb\u00e9m na etnografia mexicana contempor\u00e2nea. Atualmente o museu conta com cerca de 23 salas de exposi\u00e7\u00e3o e dentre os seus principais itens podemos citar a Pedra do Sol, a r\u00e9plica do sarc\u00f3fago de Pacal e a est\u00e1tua asteca de Xochipilli.<\/li>\n<\/ul>\n<pre><a href=\"https:\/\/artsandculture.google.com\/partner\/yad-vashem\"><strong>YAD VASHEM MUSEU DO HOLOCAUSTO - JERUSAL\u00c9M, ISRAEL<\/strong><\/a><\/pre>\n<ul>\n<li style=\"text-align: justify\">O termo <em>Yad Vashem<\/em>, em hebr\u00e1ico,\u00a0significa &#8220;Autoridade de Recorda\u00e7\u00e3o dos M\u00e1rtires e Her\u00f3is do Holocausto&#8221;, foi o nome dado ao museu em homenagem \u00e0s v\u00edtimas do terr\u00edvel Holocausto judeu durante a Segunda Guerra Mundial. Criado em 1953, por meio da Lei <em>Yad Vashem<\/em>, o museu \u00e9 um grande complexo que trabalha com diversas tem\u00e1ticas, com Salas de Mem\u00f3rias, Memorial das Crian\u00e7as, Museu de Arte do Holocausto e tamb\u00e9m lugares comemorativos, como o Vale das Comunidades. O museu ainda conta com biblioteca, editora, centros de pesquisa e centros educacionais sobre o estudo do Holocautos. S\u00e3o homenageados no museu tamb\u00e9m os demais sobreviventes dessa trag\u00e9dia, e n\u00e3o somente os judeus.<\/li>\n<\/ul>\n<p>&nbsp;<\/p>\n<h4 style=\"text-align: center\"><strong><em>MUSEUS TEM\u00c1TICOS<\/em><\/strong><\/h4>\n<p>&nbsp;<\/p>\n<pre><a href=\"https:\/\/artsandculture.google.com\/partner\/museu-afro-brasil\"><strong>MUSEU AFRO BRASIL - S\u00c3O PAULO, BRASIL<\/strong><\/a><\/pre>\n<ul>\n<li style=\"text-align: justify\">Localizado no Parque Ibirapuera, em S\u00e3o Paulo, o Museu Afro Brasil \u00e9 uma institui\u00e7\u00e3o p\u00fablica subordinada \u00e0 Secretaria de de Cultura do Estado de S\u00e3o Paulo. O pr\u00e9dio do museu possui cerca de onze mil metros quadrados, contando com um acervo de mais de seis mil obras que vislumbram e valorizam a import\u00e2ncia da cultura africana na forma\u00e7\u00e3o da sociedade brasileira. As obras, que datam do s\u00e9culo XVIII at\u00e9 os dias atuais, abrangem pinturas, fotografias, esculturas, dentre outras, buscam retratar diversos temas do universo africano, a exemplo da escravid\u00e3o, religi\u00e3o, arte, trabalho, cultura. Um dos principais objetivos do museu \u00e9 dar voz, e recuperar a mem\u00f3ria, a uma grande parcela da popula\u00e7\u00e3o brasileira.<\/li>\n<\/ul>\n<pre><a href=\"https:\/\/artsandculture.google.com\/partner\/museu-do-caf%C3%A9\"><strong>MUSEU DO CAF\u00c9 - S\u00c3O PAULO, BRASIL<\/strong><\/a><\/pre>\n<ul>\n<li style=\"text-align: justify\">O Museu do Caf\u00e9 se encontra no edif\u00edcio da antiga Bolsa Oficial de Caf\u00e9 &#8211; que foi criada em 1922 para controlar e centralizar as opera\u00e7\u00f5es cafeeiras &#8211; sendo inaugurado em 1998. O museu promove e preserva a rela\u00e7\u00e3o hist\u00f3rica entre o caf\u00e9, a sociedade e a pol\u00edtica brasileira, tendo em vista que durante o s\u00e9culo XX o caf\u00e9 foi um dos principais produtos da economia brasileira.\u00a0Nos objetos e documentos que comp\u00f5em seu acervo, \u00e9 poss\u00edvel verificar como o desenvolvimento da produ\u00e7\u00e3o cafeeira est\u00e1\u00a0intimamente ligado ao desenvolvimento pol\u00edtico, econ\u00f4mico e cultural do pa\u00eds.<\/li>\n<\/ul>\n<pre><a href=\"http:\/\/www.inci.org.br\/acervodigital\/\"><strong>MUSEU DA IMIGRA\u00c7\u00c3O - S\u00c3O PAULO, BRASIL<\/strong><\/a><\/pre>\n<ul>\n<li style=\"text-align: justify\">O Museu da Imigra\u00e7\u00e3o do Estado de S\u00e3o Paulo \u00e9 uma institui\u00e7\u00e3o p\u00fablica vinculada ao Ministro da Cultura do Estado de S\u00e3o O pr\u00e9dio que atualmente se encontra o Museu da Imigra\u00e7\u00e3o, que recebeu esse nome em 2011, era, em 1887, a Hospedaria de Imigrantes do Br\u00e1s, sendo a primeira hospedaria para milhares de imigrantes de outros estados do Brasil e, principalmente, da Europa. A hospedaria funcionou durante 91 anos, encerrando suas atividades em 1978, tendo recebido mais de 2,5 milh\u00f5es de imigrantes de mais de 70 nacionalidades diferentes. Tendo isso em vista, o acervo do museu \u00e9 riqu\u00edssimo em diversidade.<\/li>\n<\/ul>\n<pre><a href=\"https:\/\/artsandculture.google.com\/partner\/museu-do-futebol\"><strong>MUSEU DO FUTEBOL - S\u00c3O PAULO, BRASIL<\/strong><\/a><\/pre>\n<ul>\n<li style=\"text-align: justify\">O Museu do Futebol foi inaugurado em 2008 e se localiza no Est\u00e1dio Municipal Paulo Machado de Carvalho, mais conhecido como Pacaembu. Como o pr\u00f3prio nome diz, o museu aborda tem\u00e1ticas relacionadas ao futebol, o esporte mais praticado e famoso do pa\u00eds. O Museu do Futebol conta com exibi\u00e7\u00f5es de imagens e v\u00eddeos sobre o esporte que chegam a mais de seis horas de grava\u00e7\u00f5es. A partir do seu acervo, \u00e9 poss\u00edvel conhecer a hist\u00f3ria do futebol, desde sua origem, no mundo e no Brasil. O museu ainda conta com uma equipe especializada em pesquisar, selecionar e documentar fatos importantes do futebol brasileiro para a constitui\u00e7\u00e3o do acervo, o Centro de Refer\u00eancia do Futebol Brasileiro (CRFB).<\/li>\n<\/ul>\n<p>&nbsp;<\/p>\n","protected":false},"excerpt":{"rendered":"<p>Conhe\u00e7a nesta publica\u00e7\u00e3o projetos, como o Conhecendo Museus e o Tainacan, que promovem a difus\u00e3o de museus e seus acervos. Confira tamb\u00e9m a sele\u00e7\u00e3o de alguns dos principais museus digitais do Brasil e do mundo. ACERVOS MUSEOL\u00d3GICOS &nbsp; PROJETO CONHECENDO&#8230;<br \/><a class=\"read-more-button\" href=\"https:\/\/pesquisa.ifg.edu.br\/laboratoriodoensinodehistoria\/2020\/12\/05\/museus\/\">Read more<\/a><\/p>\n","protected":false},"author":51,"featured_media":0,"comment_status":"open","ping_status":"open","sticky":false,"template":"","format":"standard","meta":{"_monsterinsights_skip_tracking":false,"_monsterinsights_sitenote_active":false,"_monsterinsights_sitenote_note":"","_monsterinsights_sitenote_category":0,"footnotes":""},"categories":[1],"tags":[],"class_list":["post-468","post","type-post","status-publish","format-standard","hentry","category-sem-categoria"],"_links":{"self":[{"href":"https:\/\/pesquisa.ifg.edu.br\/laboratoriodoensinodehistoria\/wp-json\/wp\/v2\/posts\/468"}],"collection":[{"href":"https:\/\/pesquisa.ifg.edu.br\/laboratoriodoensinodehistoria\/wp-json\/wp\/v2\/posts"}],"about":[{"href":"https:\/\/pesquisa.ifg.edu.br\/laboratoriodoensinodehistoria\/wp-json\/wp\/v2\/types\/post"}],"author":[{"embeddable":true,"href":"https:\/\/pesquisa.ifg.edu.br\/laboratoriodoensinodehistoria\/wp-json\/wp\/v2\/users\/51"}],"replies":[{"embeddable":true,"href":"https:\/\/pesquisa.ifg.edu.br\/laboratoriodoensinodehistoria\/wp-json\/wp\/v2\/comments?post=468"}],"version-history":[{"count":13,"href":"https:\/\/pesquisa.ifg.edu.br\/laboratoriodoensinodehistoria\/wp-json\/wp\/v2\/posts\/468\/revisions"}],"predecessor-version":[{"id":541,"href":"https:\/\/pesquisa.ifg.edu.br\/laboratoriodoensinodehistoria\/wp-json\/wp\/v2\/posts\/468\/revisions\/541"}],"wp:attachment":[{"href":"https:\/\/pesquisa.ifg.edu.br\/laboratoriodoensinodehistoria\/wp-json\/wp\/v2\/media?parent=468"}],"wp:term":[{"taxonomy":"category","embeddable":true,"href":"https:\/\/pesquisa.ifg.edu.br\/laboratoriodoensinodehistoria\/wp-json\/wp\/v2\/categories?post=468"},{"taxonomy":"post_tag","embeddable":true,"href":"https:\/\/pesquisa.ifg.edu.br\/laboratoriodoensinodehistoria\/wp-json\/wp\/v2\/tags?post=468"}],"curies":[{"name":"wp","href":"https:\/\/api.w.org\/{rel}","templated":true}]}}