{"id":83,"date":"2018-05-17T22:42:59","date_gmt":"2018-05-18T01:42:59","guid":{"rendered":"http:\/\/pesquisa.ifg.edu.br\/geo\/?p=83"},"modified":"2018-05-17T22:42:59","modified_gmt":"2018-05-18T01:42:59","slug":"alunos-do-geo-apresentam-suas-iniciacoes-cientificas","status":"publish","type":"post","link":"https:\/\/pesquisa.ifg.edu.br\/geo\/2018\/05\/17\/alunos-do-geo-apresentam-suas-iniciacoes-cientificas\/","title":{"rendered":"Alunos do GEO apresentam suas inicia\u00e7\u00f5es cient\u00edficas!"},"content":{"rendered":"<p>Na oitava edi\u00e7\u00e3o do Semin\u00e1rio Local de Inicia\u00e7\u00e3o Cient\u00edfica e Tecnol\u00f3gica do C\u00e2mpus Goi\u00e2nia, ocorrida nos dias 16 e 17 de maio, al\u00e9m das apresenta\u00e7\u00f5es de trabalhos cient\u00edficos desenvolvidos nos programas institucionais de incentivo \u00e0 pesquisa no IFG, foram inclusas tamb\u00e9m na programa\u00e7\u00e3o as comunica\u00e7\u00f5es cient\u00edficas dos grupos de pesquisa da casa.<\/p>\n<p>Nesse contexto, o coordenador do GEO, Prof. Jo\u00e3o Paulo Magna J\u00fanior, apresentou as pesquisas em andamento pelo grupo e se mostrou aberto para colabora\u00e7\u00f5es com os demais grupos do IFG e externos.<\/p>\n<p>J\u00e1 os alunos de inicia\u00e7\u00e3o cient\u00edfica puderam apresentar seus trabalhos \u00e0 comunidade acad\u00eamica do IFG.\u00a0 Todos os trabalhos tiveram excelentes apresenta\u00e7\u00f5es! Est\u00e3o todos de parab\u00e9ns!\u00a0??????????<\/p>\n<div id=\"attachment_84\" style=\"width: 1280px\" class=\"wp-caption alignnone\"><img fetchpriority=\"high\" decoding=\"async\" aria-describedby=\"caption-attachment-84\" class=\"size-full wp-image-84\" src=\"http:\/\/pesquisa.ifg.edu.br\/geo\/wp-content\/uploads\/sites\/7\/2018\/05\/pibic_valterci.jpg\" alt=\"Os alunos Valterci Jr e Nath\u00e1lia apresentam trabalho de IC.\" width=\"1280\" height=\"721\" \/><p id=\"caption-attachment-84\" class=\"wp-caption-text\">Os alunos Valterci Jr e Nath\u00e1lia Alves apresentam trabalho de IC sobre avalia\u00e7\u00e3o de poligonais topogr\u00e1ficas.<\/p><\/div>\n<p>&nbsp;<\/p>\n<div id=\"attachment_85\" style=\"width: 817px\" class=\"wp-caption alignnone\"><img decoding=\"async\" aria-describedby=\"caption-attachment-85\" class=\"size-full wp-image-85\" src=\"http:\/\/pesquisa.ifg.edu.br\/geo\/wp-content\/uploads\/sites\/7\/2018\/05\/tamara_tainara_pibic.jpg\" alt=\"As alunas T\u00e2mara Soares e Tainara Gomes apresentam trabalho sobre uso de VANT no georreferenciamento de im\u00f3veis rurais.\" width=\"817\" height=\"613\" \/><p id=\"caption-attachment-85\" class=\"wp-caption-text\">As alunas T\u00e2mara Soares e Tainara Gomes apresentam trabalho sobre uso de VANT no georreferenciamento de im\u00f3veis rurais.<\/p><\/div>\n<div id=\"attachment_86\" style=\"width: 817px\" class=\"wp-caption alignnone\"><img decoding=\"async\" aria-describedby=\"caption-attachment-86\" class=\"size-full wp-image-86\" src=\"http:\/\/pesquisa.ifg.edu.br\/geo\/wp-content\/uploads\/sites\/7\/2018\/05\/ana_pibic.jpg\" alt=\"Ana Maria apresenta sua inicia\u00e7\u00e3o cient\u00edfica sobre estimativa de sedimentos suspensos no rio Araguaia usando imagens orbitais.\" width=\"817\" height=\"613\" \/><p id=\"caption-attachment-86\" class=\"wp-caption-text\">Ana Maria apresenta sua inicia\u00e7\u00e3o cient\u00edfica sobre estimativa de sedimentos suspensos no rio Araguaia usando imagens orbitais.<\/p><\/div>\n<div id=\"attachment_87\" style=\"width: 817px\" class=\"wp-caption alignnone\"><img loading=\"lazy\" decoding=\"async\" aria-describedby=\"caption-attachment-87\" class=\"size-full wp-image-87\" src=\"http:\/\/pesquisa.ifg.edu.br\/geo\/wp-content\/uploads\/sites\/7\/2018\/05\/JP_pibic.jpg\" alt=\"O aluno Jo\u00e3o Pedro apresenta seus resultados parciais em projeto usando modelagem de eros\u00e3o e dados de VANT.\" width=\"817\" height=\"613\" \/><p id=\"caption-attachment-87\" class=\"wp-caption-text\">O aluno Jo\u00e3o Pedro apresenta seus resultados parciais em projeto usando modelagem de eros\u00e3o e dados de VANT.<\/p><\/div>\n<div id=\"attachment_88\" style=\"width: 817px\" class=\"wp-caption alignnone\"><img loading=\"lazy\" decoding=\"async\" aria-describedby=\"caption-attachment-88\" class=\"size-full wp-image-88\" src=\"http:\/\/pesquisa.ifg.edu.br\/geo\/wp-content\/uploads\/sites\/7\/2018\/05\/Reizane_pibic.jpg\" alt=\"Reizane Maria Damasceno apresenta seus resultados sobre projeto envolvendo gest\u00e3o p\u00fablica colaborativa, tecnologias m\u00f3vel e geoprocessamento.\" width=\"817\" height=\"613\" \/><p id=\"caption-attachment-88\" class=\"wp-caption-text\">Reizane Maria Damasceno apresenta seus resultados sobre projeto envolvendo gest\u00e3o p\u00fablica colaborativa, tecnologias m\u00f3vel e geoprocessamento.<\/p><\/div>\n<p>&nbsp;<\/p>\n<p>Abaixo segue rela\u00e7\u00e3o dos trabalhos desenvolvidos como inicia\u00e7\u00e3o cient\u00edfica pelo GEO (2017-2018):<br \/>\n<img decoding=\"async\" src=\"https:\/\/scontent.fgyn4-1.fna.fbcdn.net\/v\/t1.0-9\/19731965_1107013672733403_6782799296792223870_n.png?_nc_cat=0&amp;_nc_eui2=AeGGKTtw1DJqqSdTbfUTcugbv2eT0wCkWfACCyRY3hVv8mh8uqCSDDjgyEssHgE-2fADeLylHRtAFUpIYsSv0clfwz6iKO69OR62ASm5_r5xpA&amp;oh=59a3f9670476f9d1dd7fbe7b82fea80d&amp;oe=5B8E3B3C\" alt=\"Nenhum texto alternativo autom\u00c3\u00a1tico dispon\u00c3\u00advel.\" \/><\/p>\n","protected":false},"excerpt":{"rendered":"<p>Na oitava edi\u00e7\u00e3o do Semin\u00e1rio Local de Inicia\u00e7\u00e3o Cient\u00edfica e Tecnol\u00f3gica do C\u00e2mpus Goi\u00e2nia, ocorrida nos dias 16 e 17 de maio, al\u00e9m das apresenta\u00e7\u00f5es de trabalhos cient\u00edficos desenvolvidos nos programas institucionais de incentivo \u00e0 pesquisa no IFG, foram inclusas tamb\u00e9m na programa\u00e7\u00e3o as comunica\u00e7\u00f5es cient\u00edficas dos grupos de pesquisa da casa. Nesse contexto, o &hellip; <\/p>\n<p><a class=\"more-link btn\" href=\"https:\/\/pesquisa.ifg.edu.br\/geo\/2018\/05\/17\/alunos-do-geo-apresentam-suas-iniciacoes-cientificas\/\">Continue lendo<\/a><\/p>\n","protected":false},"author":20,"featured_media":0,"comment_status":"open","ping_status":"open","sticky":false,"template":"","format":"standard","meta":{"_monsterinsights_skip_tracking":false,"_monsterinsights_sitenote_active":false,"_monsterinsights_sitenote_note":"","_monsterinsights_sitenote_category":0,"footnotes":""},"categories":[1],"tags":[11,20,19],"class_list":["post-83","post","type-post","status-publish","format-standard","hentry","category-sem-categoria","tag-ifg","tag-iniciacao-cientifica","tag-pibic","item-wrap"],"_links":{"self":[{"href":"https:\/\/pesquisa.ifg.edu.br\/geo\/wp-json\/wp\/v2\/posts\/83"}],"collection":[{"href":"https:\/\/pesquisa.ifg.edu.br\/geo\/wp-json\/wp\/v2\/posts"}],"about":[{"href":"https:\/\/pesquisa.ifg.edu.br\/geo\/wp-json\/wp\/v2\/types\/post"}],"author":[{"embeddable":true,"href":"https:\/\/pesquisa.ifg.edu.br\/geo\/wp-json\/wp\/v2\/users\/20"}],"replies":[{"embeddable":true,"href":"https:\/\/pesquisa.ifg.edu.br\/geo\/wp-json\/wp\/v2\/comments?post=83"}],"version-history":[{"count":1,"href":"https:\/\/pesquisa.ifg.edu.br\/geo\/wp-json\/wp\/v2\/posts\/83\/revisions"}],"predecessor-version":[{"id":89,"href":"https:\/\/pesquisa.ifg.edu.br\/geo\/wp-json\/wp\/v2\/posts\/83\/revisions\/89"}],"wp:attachment":[{"href":"https:\/\/pesquisa.ifg.edu.br\/geo\/wp-json\/wp\/v2\/media?parent=83"}],"wp:term":[{"taxonomy":"category","embeddable":true,"href":"https:\/\/pesquisa.ifg.edu.br\/geo\/wp-json\/wp\/v2\/categories?post=83"},{"taxonomy":"post_tag","embeddable":true,"href":"https:\/\/pesquisa.ifg.edu.br\/geo\/wp-json\/wp\/v2\/tags?post=83"}],"curies":[{"name":"wp","href":"https:\/\/api.w.org\/{rel}","templated":true}]}}