{"id":55,"date":"2017-09-06T15:23:10","date_gmt":"2017-09-06T18:23:10","guid":{"rendered":"http:\/\/pesquisa.ifg.edu.br\/geo\/?p=55"},"modified":"2018-04-28T01:26:11","modified_gmt":"2018-04-28T04:26:11","slug":"queimada-no-parque-estadual-altamiro-de-moura-pacheco","status":"publish","type":"post","link":"https:\/\/pesquisa.ifg.edu.br\/geo\/2017\/09\/06\/queimada-no-parque-estadual-altamiro-de-moura-pacheco\/","title":{"rendered":"Queimada no Parque Estadual Altamiro de Moura Pacheco"},"content":{"rendered":"<p>Durante o per\u00edodo da seca, in\u00fameros inc\u00eandios ocorrem no estado de Goi\u00e1s\u00a0<span class=\"_5mfr _47e3\"><img decoding=\"async\" class=\"img\" src=\"https:\/\/static.xx.fbcdn.net\/images\/emoji.php\/v9\/f50\/1\/16\/1f525.png\" alt=\"\" width=\"16\" height=\"16\" \/><span class=\"_7oe\">?<\/span><\/span><span class=\"_5mfr _47e3\"><img decoding=\"async\" class=\"img\" src=\"https:\/\/static.xx.fbcdn.net\/images\/emoji.php\/v9\/f50\/1\/16\/1f525.png\" alt=\"\" width=\"16\" height=\"16\" \/><span class=\"_7oe\">?<\/span><\/span><span class=\"_5mfr _47e3\"><img decoding=\"async\" class=\"img\" src=\"https:\/\/static.xx.fbcdn.net\/images\/emoji.php\/v9\/f50\/1\/16\/1f525.png\" alt=\"\" width=\"16\" height=\"16\" \/><span class=\"_7oe\">?<\/span><\/span>. Um inc\u00eandio que chamou a aten\u00e7\u00e3o esta semana foi no Parque Estadual Altamiro de Moura Pacheco pr\u00f3ximo ao Reservat\u00f3rio Jo\u00e3o Leite. No dia 05 de setembro o sensor MSI a bordo do sat\u00e9lite Sentinel-2A\u00a0<span class=\"_5mfr _47e3\"><img decoding=\"async\" class=\"img\" src=\"https:\/\/static.xx.fbcdn.net\/images\/emoji.php\/v9\/f58\/1\/16\/1f6f0.png\" alt=\"\" width=\"16\" height=\"16\" \/><span class=\"_7oe\">?\ufe0f<\/span><\/span><span class=\"_5mfr _47e3\"><img decoding=\"async\" class=\"img\" src=\"https:\/\/static.xx.fbcdn.net\/images\/emoji.php\/v9\/fc0\/1\/16\/1f30e.png\" alt=\"\" width=\"16\" height=\"16\" \/><span class=\"_7oe\">?<\/span><\/span>registrou parte do inc\u00eandio onde \u00e9 poss\u00edvel constatar a grande \u00e1rea j\u00e1 queimada, frentes de inc\u00eandio e \u00e1reas pr\u00f3ximas \u00e0 rodovia BR-153.<\/p>\n<p><img decoding=\"async\" src=\"https:\/\/scontent.fgyn4-1.fna.fbcdn.net\/v\/t1.0-9\/21558582_1158434844257952_3368635704191483740_n.png?_nc_cat=0&amp;oh=157433745afefd28b97f032424710f59&amp;oe=5B5295FF\" \/><\/p>\n<h5>Imagem MSI\/Sentinel-2A \u2013 composi\u00e7\u00e3o RGB com as bandas 12, 8A e 4.Parque Estadual Altamiro de Moura Pacheco<\/h5>\n","protected":false},"excerpt":{"rendered":"<p>Durante o per\u00edodo da seca, in\u00fameros inc\u00eandios ocorrem no estado de Goi\u00e1s\u00a0???. Um inc\u00eandio que chamou a aten\u00e7\u00e3o esta semana foi no Parque Estadual Altamiro de Moura Pacheco pr\u00f3ximo ao Reservat\u00f3rio Jo\u00e3o Leite. No dia 05 de setembro o sensor MSI a bordo do sat\u00e9lite Sentinel-2A\u00a0?\ufe0f?registrou parte do inc\u00eandio onde \u00e9 poss\u00edvel constatar a grande &hellip; <\/p>\n<p><a class=\"more-link btn\" href=\"https:\/\/pesquisa.ifg.edu.br\/geo\/2017\/09\/06\/queimada-no-parque-estadual-altamiro-de-moura-pacheco\/\">Continue lendo<\/a><\/p>\n","protected":false},"author":20,"featured_media":56,"comment_status":"open","ping_status":"open","sticky":false,"template":"","format":"standard","meta":{"_monsterinsights_skip_tracking":false,"_monsterinsights_sitenote_active":false,"_monsterinsights_sitenote_note":"","_monsterinsights_sitenote_category":0,"footnotes":""},"categories":[1],"tags":[13,12,14],"class_list":["post-55","post","type-post","status-publish","format-standard","has-post-thumbnail","hentry","category-sem-categoria","tag-parque-estadual-altamiro-de-moura-pacheco","tag-queimada","tag-sentinel-2","item-wrap"],"_links":{"self":[{"href":"https:\/\/pesquisa.ifg.edu.br\/geo\/wp-json\/wp\/v2\/posts\/55"}],"collection":[{"href":"https:\/\/pesquisa.ifg.edu.br\/geo\/wp-json\/wp\/v2\/posts"}],"about":[{"href":"https:\/\/pesquisa.ifg.edu.br\/geo\/wp-json\/wp\/v2\/types\/post"}],"author":[{"embeddable":true,"href":"https:\/\/pesquisa.ifg.edu.br\/geo\/wp-json\/wp\/v2\/users\/20"}],"replies":[{"embeddable":true,"href":"https:\/\/pesquisa.ifg.edu.br\/geo\/wp-json\/wp\/v2\/comments?post=55"}],"version-history":[{"count":1,"href":"https:\/\/pesquisa.ifg.edu.br\/geo\/wp-json\/wp\/v2\/posts\/55\/revisions"}],"predecessor-version":[{"id":57,"href":"https:\/\/pesquisa.ifg.edu.br\/geo\/wp-json\/wp\/v2\/posts\/55\/revisions\/57"}],"wp:featuredmedia":[{"embeddable":true,"href":"https:\/\/pesquisa.ifg.edu.br\/geo\/wp-json\/wp\/v2\/media\/56"}],"wp:attachment":[{"href":"https:\/\/pesquisa.ifg.edu.br\/geo\/wp-json\/wp\/v2\/media?parent=55"}],"wp:term":[{"taxonomy":"category","embeddable":true,"href":"https:\/\/pesquisa.ifg.edu.br\/geo\/wp-json\/wp\/v2\/categories?post=55"},{"taxonomy":"post_tag","embeddable":true,"href":"https:\/\/pesquisa.ifg.edu.br\/geo\/wp-json\/wp\/v2\/tags?post=55"}],"curies":[{"name":"wp","href":"https:\/\/api.w.org\/{rel}","templated":true}]}}