{"id":100,"date":"2018-07-26T23:36:18","date_gmt":"2018-07-27T02:36:18","guid":{"rendered":"http:\/\/pesquisa.ifg.edu.br\/geo\/?p=100"},"modified":"2018-07-26T23:39:32","modified_gmt":"2018-07-27T02:39:32","slug":"indice-de-vegetacao-ou-indice-vegetativo","status":"publish","type":"post","link":"https:\/\/pesquisa.ifg.edu.br\/geo\/2018\/07\/26\/indice-de-vegetacao-ou-indice-vegetativo\/","title":{"rendered":"\u00cdndice de vegeta\u00e7\u00e3o ou \u00edndice vegetativo?"},"content":{"rendered":"<p>Pra quem trabalha com Sensoriamento Remoto, n\u00e3o \u00e9 raro nos depararmos com o termo \u201c\u00edndice de vegeta\u00e7\u00e3o\u201d ou ainda \u201c\u00edndice vegetativo\u201d.<\/p>\n<hr \/>\n<p>Mas afinal de contas, qual termo \u00e9 mais apropriado?<\/p>\n<hr \/>\n<p>De acordo com o Prof. Flavio Ponzoni (INPE), um dos autores do livro Sensoriamento Remoto da Vegeta\u00e7\u00e3o, o termo &#8220;vegetativo&#8221; tem a ver com crescimento, por exemplo, dem\u00f3grafos referem-se a \u00edndice vegetativo quando querem dizer algo sobre o crescimento da popula\u00e7\u00e3o. O Prof. Everton Hafemann Fragal (UEM) refor\u00e7a que o termo \u201cvegetativo\u201d tamb\u00e9m pode estar relacionado ao crescimento\/desenvolvimento da cobertura vegetal. A terminologia &#8220;\u00edndice de vegeta\u00e7\u00e3o&#8221; \u00e9 mais utilizada, porque com base em diferentes \u00edndices \u00e9 poss\u00edvel analisar a condi\u00e7\u00e3o da vegeta\u00e7\u00e3o (verde, senesc\u00eancia ou com doen\u00e7as), sua estrutura (densidade do dossel e \u00e1rea foliar), al\u00e9m do desenvolvimento da vegeta\u00e7\u00e3o (ciclo intra-anual para culturas agr\u00edcolas ou interanual para florestas). Dessa forma, entende-se que o \u00edndice vegetativo se restringe a an\u00e1lise do desenvolvimento da vegeta\u00e7\u00e3o, enquanto \u00edndice de vegeta\u00e7\u00e3o \u00e9 mais abrangente. Al\u00e9m disso, considerando a l\u00edngua portuguesa \u00e9 mais\u00a0 agrad\u00e1vel e explicativo \u00edndice de vegeta\u00e7\u00e3o do que \u00edndice vegetativo.<\/p>\n<hr \/>\n<p>O Prof. Giovanni Boggione (IFG), membro do Grupo de Estudos em Geom\u00e1tica, ainda acrescenta que em ingl\u00eas o termo \u00e9 referenciado como &#8220;vegetaion index&#8221; e que a tradu\u00e7\u00e3o mais adequada \u00e9 \u00edndice de vegeta\u00e7\u00e3o, j\u00e1 que n\u00e3o \u00e9 dito &#8220;vegetative index&#8221; pra traduzir para \u00edndice vegetativo.<\/p>\n<p>&nbsp;<\/p>\n","protected":false},"excerpt":{"rendered":"<p>Pra quem trabalha com Sensoriamento Remoto, n\u00e3o \u00e9 raro nos depararmos com o termo \u201c\u00edndice de vegeta\u00e7\u00e3o\u201d ou ainda \u201c\u00edndice vegetativo\u201d. Mas afinal de contas, qual termo \u00e9 mais apropriado? De acordo com o Prof. Flavio Ponzoni (INPE), um dos autores do livro Sensoriamento Remoto da Vegeta\u00e7\u00e3o, o termo &#8220;vegetativo&#8221; tem a ver com crescimento, &hellip; <\/p>\n<p><a class=\"more-link btn\" href=\"https:\/\/pesquisa.ifg.edu.br\/geo\/2018\/07\/26\/indice-de-vegetacao-ou-indice-vegetativo\/\">Continue lendo<\/a><\/p>\n","protected":false},"author":20,"featured_media":0,"comment_status":"open","ping_status":"open","sticky":false,"template":"","format":"standard","meta":{"_monsterinsights_skip_tracking":false,"_monsterinsights_sitenote_active":false,"_monsterinsights_sitenote_note":"","_monsterinsights_sitenote_category":0,"footnotes":""},"categories":[1],"tags":[],"class_list":["post-100","post","type-post","status-publish","format-standard","hentry","category-sem-categoria","item-wrap"],"_links":{"self":[{"href":"https:\/\/pesquisa.ifg.edu.br\/geo\/wp-json\/wp\/v2\/posts\/100"}],"collection":[{"href":"https:\/\/pesquisa.ifg.edu.br\/geo\/wp-json\/wp\/v2\/posts"}],"about":[{"href":"https:\/\/pesquisa.ifg.edu.br\/geo\/wp-json\/wp\/v2\/types\/post"}],"author":[{"embeddable":true,"href":"https:\/\/pesquisa.ifg.edu.br\/geo\/wp-json\/wp\/v2\/users\/20"}],"replies":[{"embeddable":true,"href":"https:\/\/pesquisa.ifg.edu.br\/geo\/wp-json\/wp\/v2\/comments?post=100"}],"version-history":[{"count":5,"href":"https:\/\/pesquisa.ifg.edu.br\/geo\/wp-json\/wp\/v2\/posts\/100\/revisions"}],"predecessor-version":[{"id":106,"href":"https:\/\/pesquisa.ifg.edu.br\/geo\/wp-json\/wp\/v2\/posts\/100\/revisions\/106"}],"wp:attachment":[{"href":"https:\/\/pesquisa.ifg.edu.br\/geo\/wp-json\/wp\/v2\/media?parent=100"}],"wp:term":[{"taxonomy":"category","embeddable":true,"href":"https:\/\/pesquisa.ifg.edu.br\/geo\/wp-json\/wp\/v2\/categories?post=100"},{"taxonomy":"post_tag","embeddable":true,"href":"https:\/\/pesquisa.ifg.edu.br\/geo\/wp-json\/wp\/v2\/tags?post=100"}],"curies":[{"name":"wp","href":"https:\/\/api.w.org\/{rel}","templated":true}]}}